{"id":81496,"date":"2023-06-01T18:15:09","date_gmt":"2023-06-01T16:15:09","guid":{"rendered":"https:\/\/podcast.rs\/?p=81496"},"modified":"2023-06-01T20:21:22","modified_gmt":"2023-06-01T18:21:22","slug":"laslo-vegel-autobiografski-roman-nepokopana-proslost","status":"publish","type":"post","link":"https:\/\/podcast.rs\/en\/laslo-vegel-autobiografski-roman-nepokopana-proslost\/","title":{"rendered":"Laslo Vegel &#8211; autobiografski roman &#8222;Nepokopana pro\u0161lost&#8220;"},"content":{"rendered":"<p>      Veliki novosadski pisac Laslo Vegel govori o avetima pro\u0161losti i ulozi vojvo\u0111anskog manjinca koji je &#8222;prisiljen da \u017eivi sa stvarno\u0161\u0107u&#8220;. Njegova Nepokopana pro\u0161lost naj\u010ditanija je knjiga 2020 u Ma\u0111arskoj za \u0161ta dobija Zlatnu medalju. U razgovoru s Amirom Kamberom Vegel ipak poku\u0161ava gledati u budu\u0107nost. Ima li nade za njegov i na\u0161 svijet i literaturu? Ova romansirana biografija pisana je uz dozu humora i vedre ironije ka\u017ee u recenziji Davor Kori\u0107 i \u010dita odlomke iz bogatog \u017eivota svjedoka vremena.<\/p>","protected":false},"excerpt":{"rendered":"<p>Veliki novosadski pisac Laslo Vegel govori o avetima pro\u0161losti i ulozi vojvo\u0111anskog manjinca koji je &#8222;prisiljen da \u017eivi sa stvarno\u0161\u0107u&#8220;. Njegova Nepokopana pro\u0161lost naj\u010ditanija je knjiga 2020 u Ma\u0111arskoj za \u0161ta dobija Zlatnu medalju. U razgovoru s Amirom Kamberom Vegel ipak poku\u0161ava gledati u budu\u0107nost. Ima li nade za njegov i na\u0161 svijet i literaturu?&#8230;<\/p>","protected":false},"author":3,"featured_media":48737,"comment_status":"close","ping_status":"closed","sticky":false,"template":"","format":"audio","meta":{"footnotes":""},"categories":[183],"tags":[],"class_list":["post-81496","post","type-post","status-publish","format-audio","has-post-thumbnail","hentry","category-cosmo","post_format-post-format-audio"],"_links":{"self":[{"href":"https:\/\/podcast.rs\/en\/wp-json\/wp\/v2\/posts\/81496","targetHints":{"allow":["GET"]}}],"collection":[{"href":"https:\/\/podcast.rs\/en\/wp-json\/wp\/v2\/posts"}],"about":[{"href":"https:\/\/podcast.rs\/en\/wp-json\/wp\/v2\/types\/post"}],"author":[{"embeddable":true,"href":"https:\/\/podcast.rs\/en\/wp-json\/wp\/v2\/users\/3"}],"replies":[{"embeddable":true,"href":"https:\/\/podcast.rs\/en\/wp-json\/wp\/v2\/comments?post=81496"}],"version-history":[{"count":1,"href":"https:\/\/podcast.rs\/en\/wp-json\/wp\/v2\/posts\/81496\/revisions"}],"predecessor-version":[{"id":81497,"href":"https:\/\/podcast.rs\/en\/wp-json\/wp\/v2\/posts\/81496\/revisions\/81497"}],"wp:featuredmedia":[{"embeddable":true,"href":"https:\/\/podcast.rs\/en\/wp-json\/wp\/v2\/media\/48737"}],"wp:attachment":[{"href":"https:\/\/podcast.rs\/en\/wp-json\/wp\/v2\/media?parent=81496"}],"wp:term":[{"taxonomy":"category","embeddable":true,"href":"https:\/\/podcast.rs\/en\/wp-json\/wp\/v2\/categories?post=81496"},{"taxonomy":"post_tag","embeddable":true,"href":"https:\/\/podcast.rs\/en\/wp-json\/wp\/v2\/tags?post=81496"}],"curies":[{"name":"wp","href":"https:\/\/api.w.org\/{rel}","templated":true}]}}