{"id":81091,"date":"2023-05-29T08:00:18","date_gmt":"2023-05-29T06:00:18","guid":{"rendered":"https:\/\/podcast.rs\/?p=81091"},"modified":"2023-05-29T08:10:57","modified_gmt":"2023-05-29T06:10:57","slug":"ep-07-socijalno-preduzetnistvo-i-osobe-sa-invaliditetom","status":"publish","type":"post","link":"https:\/\/podcast.rs\/en\/ep-07-socijalno-preduzetnistvo-i-osobe-sa-invaliditetom\/","title":{"rendered":"Ep. 07: Socijalno preduzetni\u0161tvo i osobe sa invaliditetom"},"content":{"rendered":"<p>Zakon o profesionalnoj rehabilitaciji i zapo\u0161ljavanju osoba sa invaliditetom propisuje da svaki poslodavac koji ima 20 zaposlenih mora u radnom odnosu da ima i jednu osobu sa invaliditetom. Propisano, ali se ne primenjuje. <\/p>\n<p>Prema podacima Nacionalne slu\u017ebe za zapoljavanje ne\u0161to preko 12000 osoba sa invaliditetor u potrazi je za poslom i ta potraga traje godinama. Svi razlozi zbog kojih poslodavci ne pru\u017eaju priliku osobama sa invaliditetom i smetnjama u razvoju proizilaze uglavnom iz predrasuda, neznanja i nerazumevanja. <\/p>\n<p>A osobe sa invaliditetom i smetnjama u razvoju su odani i vredni radnici, koji mogu da postignu dobre rezultate. Dokazuju to brojna udru\u017eenja koja posluju po principima solidarne ekonomije, pru\u017eaju\u0107i tako osobama sa invaliditetom sre\u0107njii i kvalitetniji \u017eivot.<\/p>","protected":false},"excerpt":{"rendered":"<p>Zakon o profesionalnoj rehabilitaciji i zapo\u0161ljavanju osoba sa invaliditetom propisuje da svaki poslodavac koji ima 20 zaposlenih mora u radnom odnosu da ima i jednu osobu sa invaliditetom. Propisano, ali se ne primenjuje. Prema podacima Nacionalne slu\u017ebe za zapoljavanje ne\u0161to preko 12000 osoba sa invaliditetor u potrazi je za poslom i ta potraga traje godinama&#8230;.<\/p>","protected":false},"author":3,"featured_media":61165,"comment_status":"close","ping_status":"closed","sticky":false,"template":"","format":"audio","meta":{"footnotes":""},"categories":[482],"tags":[],"class_list":["post-81091","post","type-post","status-publish","format-audio","has-post-thumbnail","hentry","category-solidarno","post_format-post-format-audio"],"_links":{"self":[{"href":"https:\/\/podcast.rs\/en\/wp-json\/wp\/v2\/posts\/81091","targetHints":{"allow":["GET"]}}],"collection":[{"href":"https:\/\/podcast.rs\/en\/wp-json\/wp\/v2\/posts"}],"about":[{"href":"https:\/\/podcast.rs\/en\/wp-json\/wp\/v2\/types\/post"}],"author":[{"embeddable":true,"href":"https:\/\/podcast.rs\/en\/wp-json\/wp\/v2\/users\/3"}],"replies":[{"embeddable":true,"href":"https:\/\/podcast.rs\/en\/wp-json\/wp\/v2\/comments?post=81091"}],"version-history":[{"count":1,"href":"https:\/\/podcast.rs\/en\/wp-json\/wp\/v2\/posts\/81091\/revisions"}],"predecessor-version":[{"id":81092,"href":"https:\/\/podcast.rs\/en\/wp-json\/wp\/v2\/posts\/81091\/revisions\/81092"}],"wp:featuredmedia":[{"embeddable":true,"href":"https:\/\/podcast.rs\/en\/wp-json\/wp\/v2\/media\/61165"}],"wp:attachment":[{"href":"https:\/\/podcast.rs\/en\/wp-json\/wp\/v2\/media?parent=81091"}],"wp:term":[{"taxonomy":"category","embeddable":true,"href":"https:\/\/podcast.rs\/en\/wp-json\/wp\/v2\/categories?post=81091"},{"taxonomy":"post_tag","embeddable":true,"href":"https:\/\/podcast.rs\/en\/wp-json\/wp\/v2\/tags?post=81091"}],"curies":[{"name":"wp","href":"https:\/\/api.w.org\/{rel}","templated":true}]}}