{"id":81064,"date":"2023-05-27T12:11:00","date_gmt":"2023-05-27T10:11:00","guid":{"rendered":"https:\/\/podcast.rs\/?p=81064"},"modified":"2023-05-27T13:10:06","modified_gmt":"2023-05-27T11:10:06","slug":"dnevna-soba-adrien-ujhazi","status":"publish","type":"post","link":"https:\/\/podcast.rs\/en\/dnevna-soba-adrien-ujhazi\/","title":{"rendered":"Dnevna soba: Adrien Ujhazi"},"content":{"rendered":"<p><span>\u010cesto se govori o tome kako bi trebalo dati mogu\u0107nost mladima da se predstave, prika\u017eu i poka\u017eu svoja dela, razmi\u0161ljanja, stavove. Ta inicijatva naj\u010de\u0161\u0107e ostane samo na re\u010dima, pa mladi prilike moraju da tra\u017ee sami, bez pomo\u0107i institucija. Da ipak nije uvek tako dokazuje novi projekat koji \u0107e za\u017eiveti u drugoj polovini godine, a u okviru kojeg \u0107e se mladi umetnici predstaviti svojim prvim izlo\u017ebama po\u00a0 novosadskim kulturnim stanicama. Za svoje izlo\u017ebe, odabrani umetnici dobi\u0107e odre\u0111ena sredstva, promociju i prostor na kojem \u0107e mo\u0107i da izlo\u017ee svoje radove.\u00a0<\/span><span>Adrien Ujhazi<\/span><span>,\u00a0mlada ali ve\u0107 iskusna novosadska umetnica, bila je predsednica \u017eirija koji je odabrao one koji \u0107e se na tim izlo\u017ebama predstaviti.<\/span><\/p>","protected":false},"excerpt":{"rendered":"<p>\u010cesto se govori o tome kako bi trebalo dati mogu\u0107nost mladima da se predstave, prika\u017eu i poka\u017eu svoja dela, razmi\u0161ljanja, stavove. Ta inicijatva naj\u010de\u0161\u0107e ostane samo na re\u010dima, pa mladi prilike moraju da tra\u017ee sami, bez pomo\u0107i institucija. Da ipak nije uvek tako dokazuje novi projekat koji \u0107e za\u017eiveti u drugoj polovini godine, a u&#8230;<\/p>","protected":false},"author":3,"featured_media":54584,"comment_status":"close","ping_status":"closed","sticky":false,"template":"","format":"audio","meta":{"footnotes":""},"categories":[431],"tags":[],"class_list":["post-81064","post","type-post","status-publish","format-audio","has-post-thumbnail","hentry","category-dnevna-soba","post_format-post-format-audio"],"_links":{"self":[{"href":"https:\/\/podcast.rs\/en\/wp-json\/wp\/v2\/posts\/81064","targetHints":{"allow":["GET"]}}],"collection":[{"href":"https:\/\/podcast.rs\/en\/wp-json\/wp\/v2\/posts"}],"about":[{"href":"https:\/\/podcast.rs\/en\/wp-json\/wp\/v2\/types\/post"}],"author":[{"embeddable":true,"href":"https:\/\/podcast.rs\/en\/wp-json\/wp\/v2\/users\/3"}],"replies":[{"embeddable":true,"href":"https:\/\/podcast.rs\/en\/wp-json\/wp\/v2\/comments?post=81064"}],"version-history":[{"count":1,"href":"https:\/\/podcast.rs\/en\/wp-json\/wp\/v2\/posts\/81064\/revisions"}],"predecessor-version":[{"id":81065,"href":"https:\/\/podcast.rs\/en\/wp-json\/wp\/v2\/posts\/81064\/revisions\/81065"}],"wp:featuredmedia":[{"embeddable":true,"href":"https:\/\/podcast.rs\/en\/wp-json\/wp\/v2\/media\/54584"}],"wp:attachment":[{"href":"https:\/\/podcast.rs\/en\/wp-json\/wp\/v2\/media?parent=81064"}],"wp:term":[{"taxonomy":"category","embeddable":true,"href":"https:\/\/podcast.rs\/en\/wp-json\/wp\/v2\/categories?post=81064"},{"taxonomy":"post_tag","embeddable":true,"href":"https:\/\/podcast.rs\/en\/wp-json\/wp\/v2\/tags?post=81064"}],"curies":[{"name":"wp","href":"https:\/\/api.w.org\/{rel}","templated":true}]}}