{"id":81003,"date":"2023-05-25T20:43:06","date_gmt":"2023-05-25T18:43:06","guid":{"rendered":"https:\/\/podcast.rs\/?p=81003"},"modified":"2023-05-25T21:16:59","modified_gmt":"2023-05-25T19:16:59","slug":"sesta-licna-s5a22-partizan-nadigrao-studente-real-na-vrhu-soundcloud","status":"publish","type":"post","link":"https:\/\/podcast.rs\/en\/sesta-licna-s5a22-partizan-nadigrao-studente-real-na-vrhu-soundcloud\/","title":{"rendered":"\u0160ESTA LI\u010cNA: S5A22 \u2013 Partizan Nadigrao Studente, Real Na Vrhu! (SoundCloud)"},"content":{"rendered":"<p>Kraj sezone sve bli\u017ei, pa tako i mi zavr\u0161avamo sa ovim duplim<br \/>\nterminima. Utakmica je ostalo ta\u010dno toliko da stanu u jednu epizodu,<br \/>\ntako da od slede\u0107e nedelje, pa do samog kraja \u2013 \u010ditaj sredine juna \u2013<br \/>\nidemo jednom nedeljno utorkom.<br \/>\nZnamo, dragi gledaoci, znamo \u2013 pogleda\u0107ete naslov i pitati se a gde<br \/>\nje tu rapsodija Crvene Zvezde u Podgorici? Me\u0111utim, bez brige<br \/>\nimamo spreman odgovor za vas&#8230;a odgovor je onaj koji uostalom<br \/>\nve\u0107 znate. Snimali smo u utorak, tako da vas pri\u010da o Zvezdi o\u010dekuje<\/p>\n<p>slede\u0107e nedelje! \u0160to ne zna\u010di da nema materijala za \u017evaku i u ovoj<br \/>\nepizodi.<br \/>\nPrvo smo se naravno bavili F4 Evrolige u Kaunasu. Real Madrid je<br \/>\nprevazi\u0161ao sve svoje neda\u0107e i zaseo na tron Evrope po 11. put, i to<br \/>\nnakon \u0161to je trijumfovao u pet uzastopnih eliminacionih utakmica, u<br \/>\nkojima je \u010detiri puta gubio velikom razlikom. Ni Barselona, ni<br \/>\nOlimpijakos nisu mogli da odgovore na Tavaresa i drugare, uz<br \/>\nnaravno sjajne sporedne uloge za ve\u010dni \u0161panski trio koji ve\u0107<br \/>\ngodinama ordinira evropskim parketima.<br \/>\nZatim, re\u010d-dve i o Partizanu, koji se mu\u010dio u dve utakmice sa<br \/>\nDerbijem, a zatim u tre\u0107oj ipak re\u0161io pitanje pobednika i zakazao<br \/>\nsusret sa Cedevitom. Ponovo je kolo poveo D\u017eejms Naneli, \u010dovek<br \/>\nna koga su se crno-beli oslonili ve\u0107 dovoljno puta ove sezone \u2013 prvo<br \/>\nklju\u010dnim \u0161utem u Podgorici, a zatim i odli\u010dnom partijom u Beogradu<br \/>\nu majstorici. Malo otre\u017enjenje za \u010detu \u017deljka Obradovi\u0107a, koju sada<br \/>\n\u010dekaju minimum dve jake utakmice sa slovena\u010dkim predstavnikom!<br \/>\nToliko od nas i za ovu nedelju, pa se dru\u017eimo opet u standardnim<br \/>\nterminima&#8230;pardon, standardnom terminu naredne nedelje!<br \/>\nVidimo se!<\/p>","protected":false},"excerpt":{"rendered":"<p>Kraj sezone sve bli\u017ei, pa tako i mi zavr\u0161avamo sa ovim duplim terminima. Utakmica je ostalo ta\u010dno toliko da stanu u jednu epizodu, tako da od slede\u0107e nedelje, pa do samog kraja \u2013 \u010ditaj sredine juna \u2013 idemo jednom nedeljno utorkom. Znamo, dragi gledaoci, znamo \u2013 pogleda\u0107ete naslov i pitati se a gde je tu&#8230;<\/p>","protected":false},"author":3,"featured_media":25637,"comment_status":"open","ping_status":"closed","sticky":false,"template":"","format":"audio","meta":{"footnotes":""},"categories":[203],"tags":[],"class_list":["post-81003","post","type-post","status-publish","format-audio","has-post-thumbnail","hentry","category-sesta-licna","post_format-post-format-audio"],"_links":{"self":[{"href":"https:\/\/podcast.rs\/en\/wp-json\/wp\/v2\/posts\/81003","targetHints":{"allow":["GET"]}}],"collection":[{"href":"https:\/\/podcast.rs\/en\/wp-json\/wp\/v2\/posts"}],"about":[{"href":"https:\/\/podcast.rs\/en\/wp-json\/wp\/v2\/types\/post"}],"author":[{"embeddable":true,"href":"https:\/\/podcast.rs\/en\/wp-json\/wp\/v2\/users\/3"}],"replies":[{"embeddable":true,"href":"https:\/\/podcast.rs\/en\/wp-json\/wp\/v2\/comments?post=81003"}],"version-history":[{"count":1,"href":"https:\/\/podcast.rs\/en\/wp-json\/wp\/v2\/posts\/81003\/revisions"}],"predecessor-version":[{"id":81004,"href":"https:\/\/podcast.rs\/en\/wp-json\/wp\/v2\/posts\/81003\/revisions\/81004"}],"wp:featuredmedia":[{"embeddable":true,"href":"https:\/\/podcast.rs\/en\/wp-json\/wp\/v2\/media\/25637"}],"wp:attachment":[{"href":"https:\/\/podcast.rs\/en\/wp-json\/wp\/v2\/media?parent=81003"}],"wp:term":[{"taxonomy":"category","embeddable":true,"href":"https:\/\/podcast.rs\/en\/wp-json\/wp\/v2\/categories?post=81003"},{"taxonomy":"post_tag","embeddable":true,"href":"https:\/\/podcast.rs\/en\/wp-json\/wp\/v2\/tags?post=81003"}],"curies":[{"name":"wp","href":"https:\/\/api.w.org\/{rel}","templated":true}]}}