{"id":80361,"date":"2023-05-19T17:30:02","date_gmt":"2023-05-19T15:30:02","guid":{"rendered":"https:\/\/podcast.rs\/?p=80361"},"modified":"2023-05-19T18:22:43","modified_gmt":"2023-05-19T16:22:43","slug":"balkanski-dani-u-munchenu-tvoj-korzo-petkom","status":"publish","type":"post","link":"https:\/\/podcast.rs\/en\/balkanski-dani-u-munchenu-tvoj-korzo-petkom\/","title":{"rendered":"Balkanski dani u M\u00fcnchenu &#8211; Tvoj Korzo petkom"},"content":{"rendered":"<p>      Pred nama je jo\u0161 jedno izdanje podcasta Cosmo bosanski\/hrvatski\/srpski koje se kao i uvijek petkom okre\u0107e malo vi\u0161e glazbeno-scenskim temama. Kroz razgovor sa suosniva\u010dicom Sadijom Klepo predstavljamo ovogodi\u0161nje izdanje ve\u0107 tradicionalnog festivala Balkanski dani\/Balkantage koji se po 17. put odr\u017eava u M\u00fcnchenu. A u pregledu bosanskohercegova\u010dke glazbene scene od kolege Zorana \u0106ati\u0107a iz Sarajeva izme\u0111u ostalog saznajemo kojim povodom je Damir Imamovi\u0107 objavio novi singl.<\/p>","protected":false},"excerpt":{"rendered":"<p>Pred nama je jo\u0161 jedno izdanje podcasta Cosmo bosanski\/hrvatski\/srpski koje se kao i uvijek petkom okre\u0107e malo vi\u0161e glazbeno-scenskim temama. Kroz razgovor sa suosniva\u010dicom Sadijom Klepo predstavljamo ovogodi\u0161nje izdanje ve\u0107 tradicionalnog festivala Balkanski dani\/Balkantage koji se po 17. put odr\u017eava u M\u00fcnchenu. A u pregledu bosanskohercegova\u010dke glazbene scene od kolege Zorana \u0106ati\u0107a iz Sarajeva izme\u0111u&#8230;<\/p>","protected":false},"author":3,"featured_media":48737,"comment_status":"close","ping_status":"closed","sticky":false,"template":"","format":"audio","meta":{"footnotes":""},"categories":[183],"tags":[],"class_list":["post-80361","post","type-post","status-publish","format-audio","has-post-thumbnail","hentry","category-cosmo","post_format-post-format-audio"],"_links":{"self":[{"href":"https:\/\/podcast.rs\/en\/wp-json\/wp\/v2\/posts\/80361","targetHints":{"allow":["GET"]}}],"collection":[{"href":"https:\/\/podcast.rs\/en\/wp-json\/wp\/v2\/posts"}],"about":[{"href":"https:\/\/podcast.rs\/en\/wp-json\/wp\/v2\/types\/post"}],"author":[{"embeddable":true,"href":"https:\/\/podcast.rs\/en\/wp-json\/wp\/v2\/users\/3"}],"replies":[{"embeddable":true,"href":"https:\/\/podcast.rs\/en\/wp-json\/wp\/v2\/comments?post=80361"}],"version-history":[{"count":1,"href":"https:\/\/podcast.rs\/en\/wp-json\/wp\/v2\/posts\/80361\/revisions"}],"predecessor-version":[{"id":80362,"href":"https:\/\/podcast.rs\/en\/wp-json\/wp\/v2\/posts\/80361\/revisions\/80362"}],"wp:featuredmedia":[{"embeddable":true,"href":"https:\/\/podcast.rs\/en\/wp-json\/wp\/v2\/media\/48737"}],"wp:attachment":[{"href":"https:\/\/podcast.rs\/en\/wp-json\/wp\/v2\/media?parent=80361"}],"wp:term":[{"taxonomy":"category","embeddable":true,"href":"https:\/\/podcast.rs\/en\/wp-json\/wp\/v2\/categories?post=80361"},{"taxonomy":"post_tag","embeddable":true,"href":"https:\/\/podcast.rs\/en\/wp-json\/wp\/v2\/tags?post=80361"}],"curies":[{"name":"wp","href":"https:\/\/api.w.org\/{rel}","templated":true}]}}