{"id":80257,"date":"2023-05-16T18:38:17","date_gmt":"2023-05-16T16:38:17","guid":{"rendered":"https:\/\/podcast.rs\/iza-vesti-radoslav-adamovic-poljoprivrednik-iz-krcedina\/"},"modified":"2025-11-30T03:40:39","modified_gmt":"2025-11-30T01:40:39","slug":"iza-vesti-radoslav-adamovic-poljoprivrednik-iz-krcedina","status":"publish","type":"post","link":"https:\/\/podcast.rs\/en\/iza-vesti-radoslav-adamovic-poljoprivrednik-iz-krcedina\/","title":{"rendered":"Iza vesti: Radoslav Adamovi\u0107, poljoprivrednik iz Kr\u010dedina"},"content":{"rendered":"<p><strong>Gost emisije &#8222;Iza vesti&#8220; bio je Radoslav Adamovi\u0107, poljoprivrednik iz Kr\u010dedina, predstavnik Inicijative za spas poljoprivrede.<\/strong><\/p>","protected":false},"excerpt":{"rendered":"<p>Gost emisije &#8222;Iza vesti&#8220; bio je Radoslav Adamovi\u0107, poljoprivrednik iz Kr\u010dedina, predstavnik Inicijative za spas poljoprivrede.<\/p>","protected":false},"author":3,"featured_media":80258,"comment_status":"closed","ping_status":"closed","sticky":false,"template":"","format":"standard","meta":{"footnotes":""},"categories":[513],"tags":[],"class_list":["post-80257","post","type-post","status-publish","format-standard","has-post-thumbnail","hentry","category-n1-srbija"],"_links":{"self":[{"href":"https:\/\/podcast.rs\/en\/wp-json\/wp\/v2\/posts\/80257","targetHints":{"allow":["GET"]}}],"collection":[{"href":"https:\/\/podcast.rs\/en\/wp-json\/wp\/v2\/posts"}],"about":[{"href":"https:\/\/podcast.rs\/en\/wp-json\/wp\/v2\/types\/post"}],"author":[{"embeddable":true,"href":"https:\/\/podcast.rs\/en\/wp-json\/wp\/v2\/users\/3"}],"replies":[{"embeddable":true,"href":"https:\/\/podcast.rs\/en\/wp-json\/wp\/v2\/comments?post=80257"}],"version-history":[{"count":1,"href":"https:\/\/podcast.rs\/en\/wp-json\/wp\/v2\/posts\/80257\/revisions"}],"predecessor-version":[{"id":158208,"href":"https:\/\/podcast.rs\/en\/wp-json\/wp\/v2\/posts\/80257\/revisions\/158208"}],"wp:featuredmedia":[{"embeddable":true,"href":"https:\/\/podcast.rs\/en\/wp-json\/wp\/v2\/media\/80258"}],"wp:attachment":[{"href":"https:\/\/podcast.rs\/en\/wp-json\/wp\/v2\/media?parent=80257"}],"wp:term":[{"taxonomy":"category","embeddable":true,"href":"https:\/\/podcast.rs\/en\/wp-json\/wp\/v2\/categories?post=80257"},{"taxonomy":"post_tag","embeddable":true,"href":"https:\/\/podcast.rs\/en\/wp-json\/wp\/v2\/tags?post=80257"}],"curies":[{"name":"wp","href":"https:\/\/api.w.org\/{rel}","templated":true}]}}