{"id":80188,"date":"2023-05-15T19:09:54","date_gmt":"2023-05-15T17:09:54","guid":{"rendered":"https:\/\/podcast.rs\/iza-vesti-gost-dragan-popovic\/"},"modified":"2025-11-30T03:40:39","modified_gmt":"2025-11-30T01:40:39","slug":"iza-vesti-gost-dragan-popovic","status":"publish","type":"post","link":"https:\/\/podcast.rs\/en\/iza-vesti-gost-dragan-popovic\/","title":{"rendered":"Iza vesti: Gost Dragan Popovi\u0107"},"content":{"rendered":"<p><strong>Dragan Popovi\u0107 iz Centra za prakti\u010dnu politiku bio je gost emisije Iza vesti u ponedeljak, 15. maja 2023.<\/strong><\/p>\n<\/p>\n<p><strong>Autorka emisije je Danica Vu\u010deni\u0107.<\/strong><\/p>","protected":false},"excerpt":{"rendered":"<p>Dragan Popovi\u0107 iz Centra za prakti\u010dnu politiku bio je gost emisije Iza vesti u ponedeljak, 15. maja 2023. Autorka emisije je Danica Vu\u010deni\u0107.<\/p>","protected":false},"author":3,"featured_media":80189,"comment_status":"closed","ping_status":"closed","sticky":false,"template":"","format":"standard","meta":{"footnotes":""},"categories":[513],"tags":[],"class_list":["post-80188","post","type-post","status-publish","format-standard","has-post-thumbnail","hentry","category-n1-srbija"],"_links":{"self":[{"href":"https:\/\/podcast.rs\/en\/wp-json\/wp\/v2\/posts\/80188","targetHints":{"allow":["GET"]}}],"collection":[{"href":"https:\/\/podcast.rs\/en\/wp-json\/wp\/v2\/posts"}],"about":[{"href":"https:\/\/podcast.rs\/en\/wp-json\/wp\/v2\/types\/post"}],"author":[{"embeddable":true,"href":"https:\/\/podcast.rs\/en\/wp-json\/wp\/v2\/users\/3"}],"replies":[{"embeddable":true,"href":"https:\/\/podcast.rs\/en\/wp-json\/wp\/v2\/comments?post=80188"}],"version-history":[{"count":1,"href":"https:\/\/podcast.rs\/en\/wp-json\/wp\/v2\/posts\/80188\/revisions"}],"predecessor-version":[{"id":158209,"href":"https:\/\/podcast.rs\/en\/wp-json\/wp\/v2\/posts\/80188\/revisions\/158209"}],"wp:featuredmedia":[{"embeddable":true,"href":"https:\/\/podcast.rs\/en\/wp-json\/wp\/v2\/media\/80189"}],"wp:attachment":[{"href":"https:\/\/podcast.rs\/en\/wp-json\/wp\/v2\/media?parent=80188"}],"wp:term":[{"taxonomy":"category","embeddable":true,"href":"https:\/\/podcast.rs\/en\/wp-json\/wp\/v2\/categories?post=80188"},{"taxonomy":"post_tag","embeddable":true,"href":"https:\/\/podcast.rs\/en\/wp-json\/wp\/v2\/tags?post=80188"}],"curies":[{"name":"wp","href":"https:\/\/api.w.org\/{rel}","templated":true}]}}