{"id":80179,"date":"2023-05-15T15:01:01","date_gmt":"2023-05-15T13:01:01","guid":{"rendered":"https:\/\/podcast.rs\/?p=80179"},"modified":"2023-05-15T16:13:44","modified_gmt":"2023-05-15T14:13:44","slug":"koliko-smo-anksiozni","status":"publish","type":"post","link":"https:\/\/podcast.rs\/en\/koliko-smo-anksiozni\/","title":{"rendered":"Koliko smo anksiozni?"},"content":{"rendered":"<p>Poslednjih godina svedoci smo toga da se o mentalnom zdravlju mnogo vi\u0161e razgovara, te i da je ova tema kona\u010dno prepoznata kao tema o kojoj je bitno pri\u010dati naglas. Jedan od fenomena koji se, pri razgovoru o mentalnom zdravlju, naj\u010de\u0161\u0107e isti\u010de kao prisutan me\u0111u mladima, pogotovo adolescentima, su anksiozni poreme\u0107aji. Sve ve\u0107i broj mladih ljudi svedo\u010di da su barem jednom u \u017eivotu do\u017eiveli napad anksioznosti, a mnogi od njih gotovo svakodnevno \u017eive sa anksiozno\u0161\u0107u. <\/p>\n<p><\/p>\n<p>Iako je pandemija predstavljala jednu novu, izrazito stresnu situaciju za ve\u0107inu ljudi u svetu, ona je, kako navode mnogi stru\u010dnjaci, posebno uznemiruju\u0107e uticala na mlade ljude. Porast broja adolescenata koji smatraju da su anksiozni, posledi\u010dno prirodno name\u0107e slede\u0107a pitanja \u2013 za\u0161to su mladi anksiozni, kada se naj\u010de\u0161\u0107e susre\u0107u sa ovim ose\u0107ajem, ali i kako mogu da ga prepoznaju, i \u2013 prevazi\u0111u?<\/p>\n<p><\/p>\n<p>Autorka teksta: Marija Todorovi\u0107<\/p>\n<p>Ilustracije: Olga \u0110elo\u0161evi\u0107<\/p>\n<p>Tekst \u010ditao: Ivan Radisavljevi\u0107<\/p>\n<p>Tekst je dostupan na sajtu Oblakodera u rubrici Lift. <\/p>\n<p>\nTekst je podr\u017ean od strane Evropske unije i nema\u010dkog Saveznog ministarstva za ekonomsku saradnju i razvoj. Stavovi izneti u podr\u017eanom medijskom projektu \u201eScroll&#8217;n&#8217;Share&#8220; Oblakoder magazina ne izra\u017eavaju stavove Evropske unije i nema\u010dkog Saveznog ministarstva za ekonomsku saradnju i razvoj.<\/p>","protected":false},"excerpt":{"rendered":"<p>Poslednjih godina svedoci smo toga da se o mentalnom zdravlju mnogo vi\u0161e razgovara, te i da je ova tema kona\u010dno prepoznata kao tema o kojoj je bitno pri\u010dati naglas. Jedan od fenomena koji se, pri razgovoru o mentalnom zdravlju, naj\u010de\u0161\u0107e isti\u010de kao prisutan me\u0111u mladima, pogotovo adolescentima, su anksiozni poreme\u0107aji. Sve ve\u0107i broj mladih ljudi&#8230;<\/p>","protected":false},"author":3,"featured_media":40145,"comment_status":"close","ping_status":"closed","sticky":false,"template":"","format":"audio","meta":{"footnotes":""},"categories":[303],"tags":[],"class_list":["post-80179","post","type-post","status-publish","format-audio","has-post-thumbnail","hentry","category-salon","post_format-post-format-audio"],"_links":{"self":[{"href":"https:\/\/podcast.rs\/en\/wp-json\/wp\/v2\/posts\/80179","targetHints":{"allow":["GET"]}}],"collection":[{"href":"https:\/\/podcast.rs\/en\/wp-json\/wp\/v2\/posts"}],"about":[{"href":"https:\/\/podcast.rs\/en\/wp-json\/wp\/v2\/types\/post"}],"author":[{"embeddable":true,"href":"https:\/\/podcast.rs\/en\/wp-json\/wp\/v2\/users\/3"}],"replies":[{"embeddable":true,"href":"https:\/\/podcast.rs\/en\/wp-json\/wp\/v2\/comments?post=80179"}],"version-history":[{"count":1,"href":"https:\/\/podcast.rs\/en\/wp-json\/wp\/v2\/posts\/80179\/revisions"}],"predecessor-version":[{"id":80180,"href":"https:\/\/podcast.rs\/en\/wp-json\/wp\/v2\/posts\/80179\/revisions\/80180"}],"wp:featuredmedia":[{"embeddable":true,"href":"https:\/\/podcast.rs\/en\/wp-json\/wp\/v2\/media\/40145"}],"wp:attachment":[{"href":"https:\/\/podcast.rs\/en\/wp-json\/wp\/v2\/media?parent=80179"}],"wp:term":[{"taxonomy":"category","embeddable":true,"href":"https:\/\/podcast.rs\/en\/wp-json\/wp\/v2\/categories?post=80179"},{"taxonomy":"post_tag","embeddable":true,"href":"https:\/\/podcast.rs\/en\/wp-json\/wp\/v2\/tags?post=80179"}],"curies":[{"name":"wp","href":"https:\/\/api.w.org\/{rel}","templated":true}]}}