{"id":80141,"date":"2023-05-14T21:22:47","date_gmt":"2023-05-14T19:22:47","guid":{"rendered":"https:\/\/podcast.rs\/?p=80141"},"modified":"2023-05-14T21:38:45","modified_gmt":"2023-05-14T19:38:45","slug":"multikulturalnost-prica-o-manjini-i-prica-o-vecini","status":"publish","type":"post","link":"https:\/\/podcast.rs\/en\/multikulturalnost-prica-o-manjini-i-prica-o-vecini\/","title":{"rendered":"Multikulturalnost &#8211; Pri\u010da o manjini i pri\u010da o ve\u0107ini"},"content":{"rendered":"<p>U ovom izdanju podkasta, razgovaramo sa Urban Andra\u0161om, poznatim rediteljem, danas prvim \u010dovekom Novosadskog pozori\u0161ta.<\/p>\n<p>Mada ro\u0111en u Senti, Urban je godinama \u017eiveo i razvijao svoju karijeru upravo u Subotici, gde je od 2005. do prole\u0107a 2023. bio direktor Pozori\u0161ta &#8222;De\u017ee Kostolanji&#8220;.<\/p>\n<p>\u201eSuo\u010dava, \u0161okira, uzbu\u0111uje, \u010dini te radoznalim i zavisnim\u201c \u2013 tako u ovom hramu umetnosti opisuju svoj rad, prepoznatljiv upravo po osobenoj estetici reditelja Andra\u0161a Urbana.<\/p>\n<p>A takav je i sam Urban \u2013 on nas \u0161okira i beskrupulozno suo\u010dava sa vlastitim odrazom u ogledalu: na\u0161im predrasudama, stereotipima, strahovima, zabranjenim \u017eeljama&#8230;<\/p>\n<p>Zato sa njim danas razgovaramo o Subotici, njenoj poslovi\u010dnoj multikulturalnosti i interkulturalnosti, ali i na\u010dinima na koje se te deklarativne vrednosti o\u010ditavaju u praksi zajedni\u010dkog \u017eivota Suboti\u010dana.<\/p>\n<p>To su, uostalom, i teme \u00a0 koje on sam \u010desto problematizuje u svojim predstavama.<\/p>","protected":false},"excerpt":{"rendered":"<p>U ovom izdanju podkasta, razgovaramo sa Urban Andra\u0161om, poznatim rediteljem, danas prvim \u010dovekom Novosadskog pozori\u0161ta. Mada ro\u0111en u Senti, Urban je godinama \u017eiveo i razvijao svoju karijeru upravo u Subotici, gde je od 2005. do prole\u0107a 2023. bio direktor Pozori\u0161ta &#8222;De\u017ee Kostolanji&#8220;. \u201eSuo\u010dava, \u0161okira, uzbu\u0111uje, \u010dini te radoznalim i zavisnim\u201c \u2013 tako u ovom hramu&#8230;<\/p>","protected":false},"author":3,"featured_media":63211,"comment_status":"close","ping_status":"closed","sticky":false,"template":"","format":"audio","meta":{"footnotes":""},"categories":[439],"tags":[],"class_list":["post-80141","post","type-post","status-publish","format-audio","has-post-thumbnail","hentry","category-maglocistac","post_format-post-format-audio"],"_links":{"self":[{"href":"https:\/\/podcast.rs\/en\/wp-json\/wp\/v2\/posts\/80141","targetHints":{"allow":["GET"]}}],"collection":[{"href":"https:\/\/podcast.rs\/en\/wp-json\/wp\/v2\/posts"}],"about":[{"href":"https:\/\/podcast.rs\/en\/wp-json\/wp\/v2\/types\/post"}],"author":[{"embeddable":true,"href":"https:\/\/podcast.rs\/en\/wp-json\/wp\/v2\/users\/3"}],"replies":[{"embeddable":true,"href":"https:\/\/podcast.rs\/en\/wp-json\/wp\/v2\/comments?post=80141"}],"version-history":[{"count":1,"href":"https:\/\/podcast.rs\/en\/wp-json\/wp\/v2\/posts\/80141\/revisions"}],"predecessor-version":[{"id":80142,"href":"https:\/\/podcast.rs\/en\/wp-json\/wp\/v2\/posts\/80141\/revisions\/80142"}],"wp:featuredmedia":[{"embeddable":true,"href":"https:\/\/podcast.rs\/en\/wp-json\/wp\/v2\/media\/63211"}],"wp:attachment":[{"href":"https:\/\/podcast.rs\/en\/wp-json\/wp\/v2\/media?parent=80141"}],"wp:term":[{"taxonomy":"category","embeddable":true,"href":"https:\/\/podcast.rs\/en\/wp-json\/wp\/v2\/categories?post=80141"},{"taxonomy":"post_tag","embeddable":true,"href":"https:\/\/podcast.rs\/en\/wp-json\/wp\/v2\/tags?post=80141"}],"curies":[{"name":"wp","href":"https:\/\/api.w.org\/{rel}","templated":true}]}}