{"id":79484,"date":"2023-05-10T01:00:00","date_gmt":"2023-05-09T23:00:00","guid":{"rendered":"https:\/\/podcast.rs\/?p=79484"},"modified":"2023-05-10T02:15:04","modified_gmt":"2023-05-10T00:15:04","slug":"radio-galaksija-178-neo-tetis-drevni-okean-na-balkanu-dr-ana-mladenovic-09-05-2023","status":"publish","type":"post","link":"https:\/\/podcast.rs\/en\/radio-galaksija-178-neo-tetis-drevni-okean-na-balkanu-dr-ana-mladenovic-09-05-2023\/","title":{"rendered":"Radio Galaksija #178: Neo-Tetis, drevni okean na Balkanu (dr Ana Mladenovi\u0107) [09-05-2023]"},"content":{"rendered":"<p>U ovoj epizodi se vra\u0107amo desetinama miliona godina u pro\u0161lost podru\u010dja na kom \u017eivimo i razgovaramo o okeanu\/moru koje je postojalo na centralnom Balkanu, a koje savremeni geolozi zovu Neo-Tetis. <\/p>\n<p>Razgovaramo sa <a href=\"https:\/\/rgf.bg.ac.rs\/page.php?page=profesori_details&amp;id=3756\"><b>dr Anom Mladenovi\u0107<\/b><\/a> sa Rudarsko-geolo\u0161kog fakulteta u Beogradu, na\u0161om strukturnom geolo\u0161kinjom i geofizi\u010darkom i jednom od \u010dlanova tima projekta <a href=\"https:\/\/recon-tethys.com\">Recon Tethys<\/a>, koji se bavi istra\u017eivanjima zatvaranja (povla\u010denja) ovog drevnog okeana iz perioda Mezozoika.\u00a0<\/p>\n<p>Pri\u010dali smo o geolo\u0161koj istoriji Balkana, o kontinentima i okeanima u periodu od pre par stotina miliona godina, o geotektonici ovih podru\u010dja i zatvaranju okeana \u010diji jedan relikt poznajemo i kao Panonsko more.<\/p>\n<p>Razgovarali smo o tome \u0161ta se de\u0161ava kada se sudaraju dve tektonske plo\u010de i kada kao posledica toga dolazi do zatvaranja okeana, o tome na koji na\u010din se geolozi bave ovim problemima i \u0161ta nam o svemu tome i na koji na\u010din mogu re\u0107i magmatizam, sedimentologija, ali i terenski rad u pe\u0107inama. Tako\u0111e, pri\u010dali smo i o modelima koje geofizi\u010dari razvijaju kako bi objasnili geolo\u0161ku istoriju i povezali dana\u0161nju geologiju ovog podru\u010dja sa onim \u0161to vidimo u stenama i drugim empirijskim istra\u017eivanjima.<\/p>\n<p>Naveli smo neke od lokaliteta i specifi\u010dnih &#8222;tragova&#8220; Neo-Tetisa na Balkanu i poku\u0161ali da pribli\u017eimo \u0161ta geolozi ta\u010dno rade kada su na terenskim istra\u017eivanjima, \u0161ta tra\u017ee, kako to mere i na koji na\u010din su ti podaci va\u017eni za teorijska istra\u017eivanja i modelovanje geolo\u0161ke istorije.\u00a0<\/p>\n<p>Posebno smo se osvrnuli na to kako su speleologija i geomorfologija vezane jedna za drugu kada su upravo teme istra\u017eivanja zatvaranja okeana u pitanju.\u00a0<\/p>\n<p>A tu su, naravno, i nezaobilazne teme seizmotektonike, pa smo na kraju pri\u010dali i o tome za\u0161to je va\u017eno da razumemo okean koji je nakada ovde nastajao da bismo imali bolju predstavu o dana\u0161njim rasedima i seizmi\u010dkoj aktivnosti ovih podru\u010dja.\u00a0<\/p>\n<p>Poslu\u0161ajte i prethodne epizode Radio Galaksije koje su vezane za ovu temu:\u00a0<\/p>\n<ul>\n<li><a href=\"https:\/\/radiogalaksija.buzzsprout.com\/708018\/7380187\">RG #119: Zemljotresi na Balkanu (dr Ana Mladenovi\u0107)<\/a><\/li>\n<li><a href=\"https:\/\/radiogalaksija.buzzsprout.com\/708018\/12488377\">RG #175: Geofizika okeanskog dna (dr Milena Marjanovi\u0107)<\/a><\/li>\n<li><a href=\"https:\/\/radiogalaksija.buzzsprout.com\/708018\/9391601\">RG #133: Vulkanizam (prof. dr Vladica Cvetkovi\u0107)<\/a><\/li>\n<li><a href=\"https:\/\/radiogalaksija.buzzsprout.com\/708018\/2054916\">RG #81: Tektonika plo\u010da (dr Milan M. \u0106irkovi\u0107)<\/a><\/li>\n<li><a href=\"https:\/\/radiogalaksija.buzzsprout.com\/708018\/2049939\">RG #20: Istorijat Zemlje i geonauka (dr Milan M. \u0106irkovi\u0107)<\/a><\/li>\n<\/ul>\n<p><a rel=\"payment\" href=\"http:\/\/patreon.com\/radiogalaksija\">Support the show<\/a><\/p>","protected":false},"excerpt":{"rendered":"<p>U ovoj epizodi se vra\u0107amo desetinama miliona godina u pro\u0161lost podru\u010dja na kom \u017eivimo i razgovaramo o okeanu\/moru koje je postojalo na centralnom Balkanu, a koje savremeni geolozi zovu Neo-Tetis. Razgovaramo sa dr Anom Mladenovi\u0107 sa Rudarsko-geolo\u0161kog fakulteta u Beogradu, na\u0161om strukturnom geolo\u0161kinjom i geofizi\u010darkom i jednom od \u010dlanova tima projekta Recon Tethys, koji se&#8230;<\/p>","protected":false},"author":3,"featured_media":41315,"comment_status":"open","ping_status":"closed","sticky":false,"template":"","format":"audio","meta":{"footnotes":""},"categories":[70],"tags":[],"class_list":["post-79484","post","type-post","status-publish","format-audio","has-post-thumbnail","hentry","category-radio-galaksija","post_format-post-format-audio"],"_links":{"self":[{"href":"https:\/\/podcast.rs\/en\/wp-json\/wp\/v2\/posts\/79484","targetHints":{"allow":["GET"]}}],"collection":[{"href":"https:\/\/podcast.rs\/en\/wp-json\/wp\/v2\/posts"}],"about":[{"href":"https:\/\/podcast.rs\/en\/wp-json\/wp\/v2\/types\/post"}],"author":[{"embeddable":true,"href":"https:\/\/podcast.rs\/en\/wp-json\/wp\/v2\/users\/3"}],"replies":[{"embeddable":true,"href":"https:\/\/podcast.rs\/en\/wp-json\/wp\/v2\/comments?post=79484"}],"version-history":[{"count":1,"href":"https:\/\/podcast.rs\/en\/wp-json\/wp\/v2\/posts\/79484\/revisions"}],"predecessor-version":[{"id":79485,"href":"https:\/\/podcast.rs\/en\/wp-json\/wp\/v2\/posts\/79484\/revisions\/79485"}],"wp:featuredmedia":[{"embeddable":true,"href":"https:\/\/podcast.rs\/en\/wp-json\/wp\/v2\/media\/41315"}],"wp:attachment":[{"href":"https:\/\/podcast.rs\/en\/wp-json\/wp\/v2\/media?parent=79484"}],"wp:term":[{"taxonomy":"category","embeddable":true,"href":"https:\/\/podcast.rs\/en\/wp-json\/wp\/v2\/categories?post=79484"},{"taxonomy":"post_tag","embeddable":true,"href":"https:\/\/podcast.rs\/en\/wp-json\/wp\/v2\/tags?post=79484"}],"curies":[{"name":"wp","href":"https:\/\/api.w.org\/{rel}","templated":true}]}}