{"id":79472,"date":"2023-05-09T17:30:49","date_gmt":"2023-05-09T15:30:49","guid":{"rendered":"https:\/\/podcast.rs\/?p=79472"},"modified":"2023-05-09T18:21:58","modified_gmt":"2023-05-09T16:21:58","slug":"sta-je-za-njene-stanovnike-evropa-danas","status":"publish","type":"post","link":"https:\/\/podcast.rs\/en\/sta-je-za-njene-stanovnike-evropa-danas\/","title":{"rendered":"\u0160ta je, za njene stanovnike, Evropa danas?"},"content":{"rendered":"<p>      Amir Kamber i Filip Slavkovi\u0107 razmatraju \u0161ta Evropa, ta\u010dnije, Evropska unija obe\u0107ava, nudi i garantira svojim stanovnicima danas? A \u0161ta onim drugima van nje? U Bosni i Hercegovini se ovogodi\u0161nji Dan Evrope, 9 maj, obilje\u017eava pod motom: Oduvijek u srcu Evrope. Zbog \u010dega Strajo Krsmanovi\u0107, direktor Umjetni\u010dke galerije BiH, evropsku ideju prvenstveno posmatra u tradiciji antifa\u0161izma? Jesu li i koliko tzv. obi\u010dni gra\u0111ani Evrope zadovoljni slobodom kretanja i zapo\u0161ljavanja?<\/p>","protected":false},"excerpt":{"rendered":"<p>Amir Kamber i Filip Slavkovi\u0107 razmatraju \u0161ta Evropa, ta\u010dnije, Evropska unija obe\u0107ava, nudi i garantira svojim stanovnicima danas? A \u0161ta onim drugima van nje? U Bosni i Hercegovini se ovogodi\u0161nji Dan Evrope, 9 maj, obilje\u017eava pod motom: Oduvijek u srcu Evrope. Zbog \u010dega Strajo Krsmanovi\u0107, direktor Umjetni\u010dke galerije BiH, evropsku ideju prvenstveno posmatra u tradiciji&#8230;<\/p>","protected":false},"author":3,"featured_media":48737,"comment_status":"close","ping_status":"closed","sticky":false,"template":"","format":"audio","meta":{"footnotes":""},"categories":[183],"tags":[],"class_list":["post-79472","post","type-post","status-publish","format-audio","has-post-thumbnail","hentry","category-cosmo","post_format-post-format-audio"],"_links":{"self":[{"href":"https:\/\/podcast.rs\/en\/wp-json\/wp\/v2\/posts\/79472","targetHints":{"allow":["GET"]}}],"collection":[{"href":"https:\/\/podcast.rs\/en\/wp-json\/wp\/v2\/posts"}],"about":[{"href":"https:\/\/podcast.rs\/en\/wp-json\/wp\/v2\/types\/post"}],"author":[{"embeddable":true,"href":"https:\/\/podcast.rs\/en\/wp-json\/wp\/v2\/users\/3"}],"replies":[{"embeddable":true,"href":"https:\/\/podcast.rs\/en\/wp-json\/wp\/v2\/comments?post=79472"}],"version-history":[{"count":1,"href":"https:\/\/podcast.rs\/en\/wp-json\/wp\/v2\/posts\/79472\/revisions"}],"predecessor-version":[{"id":79473,"href":"https:\/\/podcast.rs\/en\/wp-json\/wp\/v2\/posts\/79472\/revisions\/79473"}],"wp:featuredmedia":[{"embeddable":true,"href":"https:\/\/podcast.rs\/en\/wp-json\/wp\/v2\/media\/48737"}],"wp:attachment":[{"href":"https:\/\/podcast.rs\/en\/wp-json\/wp\/v2\/media?parent=79472"}],"wp:term":[{"taxonomy":"category","embeddable":true,"href":"https:\/\/podcast.rs\/en\/wp-json\/wp\/v2\/categories?post=79472"},{"taxonomy":"post_tag","embeddable":true,"href":"https:\/\/podcast.rs\/en\/wp-json\/wp\/v2\/tags?post=79472"}],"curies":[{"name":"wp","href":"https:\/\/api.w.org\/{rel}","templated":true}]}}