{"id":79470,"date":"2023-05-09T17:10:34","date_gmt":"2023-05-09T15:10:34","guid":{"rendered":"https:\/\/podcast.rs\/?p=79470"},"modified":"2023-05-09T18:13:40","modified_gmt":"2023-05-09T16:13:40","slug":"predstavnik-predsednika-ukrajine-radicemo-na-tome-da-srbija-uvede-bar-delimicne-sankcije-rusiji","status":"publish","type":"post","link":"https:\/\/podcast.rs\/en\/predstavnik-predsednika-ukrajine-radicemo-na-tome-da-srbija-uvede-bar-delimicne-sankcije-rusiji\/","title":{"rendered":"Predstavnik predsednika Ukrajine: Radi\u0107emo na tome da Srbija uvede bar delimi\u010dne sankcije Rusiji"},"content":{"rendered":"<p>&#8222;Razumemo da Vlada Srbije u odre\u0111enom smislu zavisi od Ruske Federacije i da zbog toga ima problem da uvede sankcije Kremlju, ali \u0107emo raditi na tome da u budu\u0107im pregovorima bar postepeno Srbija uvede neke sankcije koje ne bi u tolikoj meri uticale na \u017eivot ljudi u Srbiji.&#8220;<\/p>\n<p>Ovo je u razgovoru za Radio Slobodna Evropa rekao Fyodor Venislavsky, predstavnik predsednika Ukrajine Volodimira Zelenskog u parlamentu Ukrajine i \u010dlan odbora Vrhovne vlade za nacionalnu bezbednost i odbranu.<\/p>\n<p>U &#8216;Izme\u0111u redova&#8217; slu\u0161ajte razgovor sa ukrajinskim parlamentarcem o uvo\u0111enju sankcija Rusiji, o tome koliko je jak ruski uticaj na Balkanu, ali i o pove\u0107anom broju ruskih diplomata u Srbiji.<\/p>","protected":false},"excerpt":{"rendered":"<p>&#8222;Razumemo da Vlada Srbije u odre\u0111enom smislu zavisi od Ruske Federacije i da zbog toga ima problem da uvede sankcije Kremlju, ali \u0107emo raditi na tome da u budu\u0107im pregovorima bar postepeno Srbija uvede neke sankcije koje ne bi u tolikoj meri uticale na \u017eivot ljudi u Srbiji.&#8220; Ovo je u razgovoru za Radio Slobodna&#8230;<\/p>","protected":false},"author":3,"featured_media":69730,"comment_status":"close","ping_status":"closed","sticky":false,"template":"","format":"audio","meta":{"footnotes":""},"categories":[207],"tags":[],"class_list":["post-79470","post","type-post","status-publish","format-audio","has-post-thumbnail","hentry","category-izmedju-redova","post_format-post-format-audio"],"_links":{"self":[{"href":"https:\/\/podcast.rs\/en\/wp-json\/wp\/v2\/posts\/79470","targetHints":{"allow":["GET"]}}],"collection":[{"href":"https:\/\/podcast.rs\/en\/wp-json\/wp\/v2\/posts"}],"about":[{"href":"https:\/\/podcast.rs\/en\/wp-json\/wp\/v2\/types\/post"}],"author":[{"embeddable":true,"href":"https:\/\/podcast.rs\/en\/wp-json\/wp\/v2\/users\/3"}],"replies":[{"embeddable":true,"href":"https:\/\/podcast.rs\/en\/wp-json\/wp\/v2\/comments?post=79470"}],"version-history":[{"count":1,"href":"https:\/\/podcast.rs\/en\/wp-json\/wp\/v2\/posts\/79470\/revisions"}],"predecessor-version":[{"id":79471,"href":"https:\/\/podcast.rs\/en\/wp-json\/wp\/v2\/posts\/79470\/revisions\/79471"}],"wp:featuredmedia":[{"embeddable":true,"href":"https:\/\/podcast.rs\/en\/wp-json\/wp\/v2\/media\/69730"}],"wp:attachment":[{"href":"https:\/\/podcast.rs\/en\/wp-json\/wp\/v2\/media?parent=79470"}],"wp:term":[{"taxonomy":"category","embeddable":true,"href":"https:\/\/podcast.rs\/en\/wp-json\/wp\/v2\/categories?post=79470"},{"taxonomy":"post_tag","embeddable":true,"href":"https:\/\/podcast.rs\/en\/wp-json\/wp\/v2\/tags?post=79470"}],"curies":[{"name":"wp","href":"https:\/\/api.w.org\/{rel}","templated":true}]}}