{"id":78981,"date":"2023-05-03T18:35:46","date_gmt":"2023-05-03T16:35:46","guid":{"rendered":"https:\/\/podcast.rs\/iza-vesti-gost-srdjan-verbic\/"},"modified":"2026-04-28T23:35:55","modified_gmt":"2026-04-28T21:35:55","slug":"iza-vesti-gost-srdjan-verbic","status":"publish","type":"post","link":"https:\/\/podcast.rs\/en\/iza-vesti-gost-srdjan-verbic\/","title":{"rendered":"Iza vesti: Gost Sr\u0111an Verbi\u0107"},"content":{"rendered":"<p>Gost emisije Iza vesti bio je biv\u0161i ministar prosvete Sr\u0111an verbi\u0107.<\/p>","protected":false},"excerpt":{"rendered":"<p>Gost emisije Iza vesti bio je biv\u0161i ministar prosvete Sr\u0111an verbi\u0107.<\/p>","protected":false},"author":3,"featured_media":78982,"comment_status":"closed","ping_status":"closed","sticky":false,"template":"","format":"standard","meta":{"footnotes":""},"categories":[513],"tags":[],"class_list":["post-78981","post","type-post","status-publish","format-standard","has-post-thumbnail","hentry","category-n1-srbija"],"_links":{"self":[{"href":"https:\/\/podcast.rs\/en\/wp-json\/wp\/v2\/posts\/78981","targetHints":{"allow":["GET"]}}],"collection":[{"href":"https:\/\/podcast.rs\/en\/wp-json\/wp\/v2\/posts"}],"about":[{"href":"https:\/\/podcast.rs\/en\/wp-json\/wp\/v2\/types\/post"}],"author":[{"embeddable":true,"href":"https:\/\/podcast.rs\/en\/wp-json\/wp\/v2\/users\/3"}],"replies":[{"embeddable":true,"href":"https:\/\/podcast.rs\/en\/wp-json\/wp\/v2\/comments?post=78981"}],"version-history":[{"count":1,"href":"https:\/\/podcast.rs\/en\/wp-json\/wp\/v2\/posts\/78981\/revisions"}],"predecessor-version":[{"id":158214,"href":"https:\/\/podcast.rs\/en\/wp-json\/wp\/v2\/posts\/78981\/revisions\/158214"}],"wp:featuredmedia":[{"embeddable":true,"href":"https:\/\/podcast.rs\/en\/wp-json\/wp\/v2\/media\/78982"}],"wp:attachment":[{"href":"https:\/\/podcast.rs\/en\/wp-json\/wp\/v2\/media?parent=78981"}],"wp:term":[{"taxonomy":"category","embeddable":true,"href":"https:\/\/podcast.rs\/en\/wp-json\/wp\/v2\/categories?post=78981"},{"taxonomy":"post_tag","embeddable":true,"href":"https:\/\/podcast.rs\/en\/wp-json\/wp\/v2\/tags?post=78981"}],"curies":[{"name":"wp","href":"https:\/\/api.w.org\/{rel}","templated":true}]}}