{"id":78330,"date":"2022-11-24T22:21:51","date_gmt":"2022-11-24T21:21:51","guid":{"rendered":"https:\/\/podcast.rs\/?p=78330"},"modified":"2023-04-28T10:09:17","modified_gmt":"2023-04-28T08:09:17","slug":"studije-u-turskoj-su-transformativno-iskustvo-bs-ankara-universitesi-gost-vojin-cetkovic-e08s02","status":"publish","type":"post","link":"https:\/\/podcast.rs\/en\/studije-u-turskoj-su-transformativno-iskustvo-bs-ankara-universitesi-gost-vojin-cetkovic-e08s02\/","title":{"rendered":"Studije u Turskoj su transformativno iskustvo | BS Ankara \u00dcniversitesi | Gost Vojin \u0106etkovi\u0107 | E08S02"},"content":{"rendered":"<p>\ud83d\udc68\ud83c\udffb\u200d\ud83c\udf93 Vojin \u0106etkovi\u0107 je prije svega obrazovan i iskusan ekspert u oblasti medija i komunikacije sa iskustvom rada u ovoj oblasti u raznim nevladinim organizacijama, privatnim kompanijama i festivalima kao i slobodnim projektima. Vje\u0161t u upravljanju dru\u0161tvenim medijima, koordinaciji doga\u0111aja i projekata, novinarstvu, odnosima s javno\u0161c\u0301u, odnosima sa medijima, marketingu, kao i za\u0161titi ljudskih prava i za\u0161titi \u017eivotne sredine. \u00a0\u00a0<\/p>\n<p>\ud83d\udcab Vojin je dobitnik turske stipendije (me\u0111unarodni program stipendiranja koji obezbe\u0111uje turska vlada) nosilac diplome Fakulteta komunikologije &#8211; Odseka za novinarstvo Univerziteta u Ankari. Nagra\u0111en istom stipendijom za magistarske studije na Fakultetu komunikacija Univerziteta u Istanbulu &#8211; Odsjeku za nove medije i upravljanje komunikacijama. \u00a0<\/p>\n<p>\ud83c\udf99 Vojin je istaknuti \u010dlan crnogorske LGBTIQ Kvir zajednice u Crnoj Gori, u kojoj je do oktobra 2021 pokrivao funkciju PR i projekt koordinatora. Sta\u017eiranje u oblasti odnosa s javno\u0161c\u0301u i upravljanja dru\u0161tvenim medijima za jednu od najefikasnijih crnogorskih NVO koje se bave ljudskim pravima, kao i koordinator srodnih projekata i izgradnje zajednice. Komunikacija sa zainteresovanim stranama, ciljnim grupama, medijima i vladom, kao i osmi\u0161ljavanje i razvoj komunikacionih strategija. Koautor godi\u0161njeg izve\u0161taja o medijskom izve\u0161tavanju o LGBTIK+ i srodnim temama. \u00a0<\/p>\n<p>\u26a1\ufe0f U ovoj epizodi Spotlight podcasta Vojin opisuje svoje akademsko iskustvo u Turskoj, kao i paralelu u radu u marketingu i odnosima s javno\u0161\u0107u, kao i svim izazovima sa kojima se Queer asocijacija suo\u010dava u Crnoj Gori od svog osnivanja.<\/p>","protected":false},"excerpt":{"rendered":"<p>\ud83d\udc68\ud83c\udffb\u200d\ud83c\udf93 Vojin \u0106etkovi\u0107 je prije svega obrazovan i iskusan ekspert u oblasti medija i komunikacije sa iskustvom rada u ovoj oblasti u raznim nevladinim organizacijama, privatnim kompanijama i festivalima kao i slobodnim projektima. Vje\u0161t u upravljanju dru\u0161tvenim medijima, koordinaciji doga\u0111aja i projekata, novinarstvu, odnosima s javno\u0161c\u0301u, odnosima sa medijima, marketingu, kao i za\u0161titi ljudskih prava&#8230;<\/p>","protected":false},"author":3,"featured_media":78264,"comment_status":"close","ping_status":"closed","sticky":false,"template":"","format":"audio","meta":{"footnotes":""},"categories":[515],"tags":[],"class_list":["post-78330","post","type-post","status-publish","format-audio","has-post-thumbnail","hentry","category-spotlight-podcast","post_format-post-format-audio"],"_links":{"self":[{"href":"https:\/\/podcast.rs\/en\/wp-json\/wp\/v2\/posts\/78330","targetHints":{"allow":["GET"]}}],"collection":[{"href":"https:\/\/podcast.rs\/en\/wp-json\/wp\/v2\/posts"}],"about":[{"href":"https:\/\/podcast.rs\/en\/wp-json\/wp\/v2\/types\/post"}],"author":[{"embeddable":true,"href":"https:\/\/podcast.rs\/en\/wp-json\/wp\/v2\/users\/3"}],"replies":[{"embeddable":true,"href":"https:\/\/podcast.rs\/en\/wp-json\/wp\/v2\/comments?post=78330"}],"version-history":[{"count":1,"href":"https:\/\/podcast.rs\/en\/wp-json\/wp\/v2\/posts\/78330\/revisions"}],"predecessor-version":[{"id":78331,"href":"https:\/\/podcast.rs\/en\/wp-json\/wp\/v2\/posts\/78330\/revisions\/78331"}],"wp:featuredmedia":[{"embeddable":true,"href":"https:\/\/podcast.rs\/en\/wp-json\/wp\/v2\/media\/78264"}],"wp:attachment":[{"href":"https:\/\/podcast.rs\/en\/wp-json\/wp\/v2\/media?parent=78330"}],"wp:term":[{"taxonomy":"category","embeddable":true,"href":"https:\/\/podcast.rs\/en\/wp-json\/wp\/v2\/categories?post=78330"},{"taxonomy":"post_tag","embeddable":true,"href":"https:\/\/podcast.rs\/en\/wp-json\/wp\/v2\/tags?post=78330"}],"curies":[{"name":"wp","href":"https:\/\/api.w.org\/{rel}","templated":true}]}}