{"id":78318,"date":"2023-01-04T20:00:00","date_gmt":"2023-01-04T19:00:00","guid":{"rendered":"https:\/\/podcast.rs\/?p=78318"},"modified":"2023-04-28T10:09:14","modified_gmt":"2023-04-28T08:09:14","slug":"studije-lingvistike-u-italiji-university-of-bari-aldo-moro-gosca-masa-sakotic-e14s02","status":"publish","type":"post","link":"https:\/\/podcast.rs\/en\/studije-lingvistike-u-italiji-university-of-bari-aldo-moro-gosca-masa-sakotic-e14s02\/","title":{"rendered":"Studije lingvistike u Italiji | University of Bari Aldo Moro | Go\u0161\u0107a Ma\u0161a \u0160akoti\u0107 | E14S02"},"content":{"rendered":"<p>\ud83d\udc69\ud83c\udffb\u200d\ud83c\udf93 Ma\u0161a \u0160akoti\u0107 je mlada lingvistkinja i diplomirani simultani prevodilac. Posjeduje C2 sertifikate iz \u010dak 3 svijetska jezika i to Italijanskog, Engleskog i Francuskog. Kao Junior Professional Officer biva anga\u017eovana pri Misiji OEBS-a u Bosni i Hercegovini. Profesionalsni anga\u017eman je predvi\u0111ao godinu dana rada u Sekretarijatu OEBS-a u Be\u010du, kao i pola godine rada u nekoj od terenskih Misija. Misija OEBS-a u Bosni i Hercegovini ima vode\u0107u odgovornost u me\u0111unarodnoj zajednici kada je u pitanju podr\u0161ka lokalnim obrazovnim vlastima u osiguravanju inkluzivnog i kvalitetnog osnovnog i srednjeg obrazovanja za svu djecu na teritoriji Bosne i Hercegovine. \u00a0<\/p>\n<p>\ud83d\udcab Za vrijeme studijskog boravka u Rimu dobija anga\u017eman u Ambasadi Crne Gore pri Svetoj Stolici. To joj je bila prilika da proviri u svijet diplomatije u tako specifi\u010dnom i delikatnom radnom okru\u017eenju kao \u0161to je Vatikan. \u00a0\u00a0<\/p>\n<p>\ud83c\udf99 Uz pomo\u0107 Erasmus Mundus programa dobija priliku da provede godinu dana u Francuskoj, gdje izu\u010dava Istoriju umjetnosti. \u00a0<\/p>\n<p>\u26a1\ufe0f U ovoj epizodi Spotlight podcasta Ma\u0161a opisuje svoje akademsko iskustvo u Italiji i Francuskoj, kao i paralelu u radu u Ambasadi i misiji OEBS-a, te trenutnom anga\u017emanu u biznisu. \u00a0U\u017eivajte!<\/p>","protected":false},"excerpt":{"rendered":"<p>\ud83d\udc69\ud83c\udffb\u200d\ud83c\udf93 Ma\u0161a \u0160akoti\u0107 je mlada lingvistkinja i diplomirani simultani prevodilac. Posjeduje C2 sertifikate iz \u010dak 3 svijetska jezika i to Italijanskog, Engleskog i Francuskog. Kao Junior Professional Officer biva anga\u017eovana pri Misiji OEBS-a u Bosni i Hercegovini. Profesionalsni anga\u017eman je predvi\u0111ao godinu dana rada u Sekretarijatu OEBS-a u Be\u010du, kao i pola godine rada u&#8230;<\/p>","protected":false},"author":3,"featured_media":78264,"comment_status":"close","ping_status":"closed","sticky":false,"template":"","format":"audio","meta":{"footnotes":""},"categories":[515],"tags":[],"class_list":["post-78318","post","type-post","status-publish","format-audio","has-post-thumbnail","hentry","category-spotlight-podcast","post_format-post-format-audio"],"_links":{"self":[{"href":"https:\/\/podcast.rs\/en\/wp-json\/wp\/v2\/posts\/78318","targetHints":{"allow":["GET"]}}],"collection":[{"href":"https:\/\/podcast.rs\/en\/wp-json\/wp\/v2\/posts"}],"about":[{"href":"https:\/\/podcast.rs\/en\/wp-json\/wp\/v2\/types\/post"}],"author":[{"embeddable":true,"href":"https:\/\/podcast.rs\/en\/wp-json\/wp\/v2\/users\/3"}],"replies":[{"embeddable":true,"href":"https:\/\/podcast.rs\/en\/wp-json\/wp\/v2\/comments?post=78318"}],"version-history":[{"count":1,"href":"https:\/\/podcast.rs\/en\/wp-json\/wp\/v2\/posts\/78318\/revisions"}],"predecessor-version":[{"id":78319,"href":"https:\/\/podcast.rs\/en\/wp-json\/wp\/v2\/posts\/78318\/revisions\/78319"}],"wp:featuredmedia":[{"embeddable":true,"href":"https:\/\/podcast.rs\/en\/wp-json\/wp\/v2\/media\/78264"}],"wp:attachment":[{"href":"https:\/\/podcast.rs\/en\/wp-json\/wp\/v2\/media?parent=78318"}],"wp:term":[{"taxonomy":"category","embeddable":true,"href":"https:\/\/podcast.rs\/en\/wp-json\/wp\/v2\/categories?post=78318"},{"taxonomy":"post_tag","embeddable":true,"href":"https:\/\/podcast.rs\/en\/wp-json\/wp\/v2\/tags?post=78318"}],"curies":[{"name":"wp","href":"https:\/\/api.w.org\/{rel}","templated":true}]}}