{"id":78302,"date":"2023-03-01T20:00:19","date_gmt":"2023-03-01T19:00:19","guid":{"rendered":"https:\/\/podcast.rs\/?p=78302"},"modified":"2023-04-28T10:09:10","modified_gmt":"2023-04-28T08:09:10","slug":"pola-covjek-pola-bog-gost-dr-nihad-softic-autor-3-knjige-george-washington-university-e22s02","status":"publish","type":"post","link":"https:\/\/podcast.rs\/en\/pola-covjek-pola-bog-gost-dr-nihad-softic-autor-3-knjige-george-washington-university-e22s02\/","title":{"rendered":"Pola \u010dovjek, Pola Bog | Gost Dr Nihad Softi\u0107 | Autor 3 knjige | George Washington University | E22S02"},"content":{"rendered":"<p>\ud83d\udc68\ud83c\udffb\u200d\ud83c\udf93 Nihad F.Softi\u0107, ro\u0111en je 13.marta 1972.godine u Gra\u010danici (Bosna i Hercegovina) gdje je proveo djetinjstvo i ranu mladost. Nakon zavr\u0161etka srednjo\u0161kolskog obrazovanja upisuje Fakultet za fizi\u010dku kulturu u Sarajevu. Usljed ratnih zbivanja, na drugoj godini studija prekida formalno obrazovanje. Aktivno se bavio ko\u0161arkom i igrao za nekoliko BiH klubova. Ko\u0161arka ga 1995. godine odvodi u Italiju gdje je boravio tri godine. Poslije povratka iz Italije pokre\u0107e sopstveni biznis i postaje vlasnik vode\u0107e ra\u010dunarske kompanije poznate u cijelom regionu. 2006. godine progla\u0161en je menad\u017eerom godine u BiH. Zbog sna\u017enih posljedica globalne ekonomske krize 2009. obavje\u0161tava javnost o nesolvetnosti kompanije i nemogu\u0107nosti daljnjeg poslovanja. Taj trenutak predstavlja kraj jednog turbulentnog perioda u njegovom \u017eivotu kao i po\u010detak novog i druga\u010dijeg. \u00a0\u00a0<\/p>\n<p>\ud83d\udcab Psihologija iz hobija prerasta u njegovu osnovnu okupaciju i zanimanje. Nakon uspje\u0161no zavr\u0161enog pravnog fakulteta i magistarskog studija iz menad\u017eementa i ekonomije, upisuje doktorske studije iz poslovne psihologije. Profesionalna orijentacija u oblasti poslovne psihologije pru\u017ea mu mogu\u0107nost sumiranja usvojenih znanja i iskustava i doprinosa u oblasti kojom se bavi. Specijalizaciju iz strate\u0161kog planiranja i upravljanja preduze\u0107em i ljudskim resursima zavr\u0161ava 2012, na BSC institutu univerziteta The George Washington University, Aleksandrija, VA, SAD. \u00a0<\/p>\n<p>\ud83c\udf38 Nakon pet godina pisanja, krajem 2013.godine istovremeno zavr\u0161ava dvije knjige pod zajedni\u010dkim naslovom \u201ePola \u010dovjek, pola Bog\u201c, sa podnaslovima \u201ePo\u010detak svega\u201c i \u201eTajna svega\u201c. Prvu knjigu zvani\u010dno objavljuje 2014. godine, a drugu \u0161est godine kasnije 2020., uz obja\u0161njenje da joj nije bilo su\u0111eno da ugleda svijetlost dana ranije. Potrebno je bilo dodatno zrenje. U decembru 2022. objavljuje svoju tre\u0107u knjigu \u201eJa narcis\u201c koja je proistekla iz doktorske disertacije i predstavlja ozbiljan nau\u010dno istra\u017eiva\u010dki rad na temu psihi\u010dkih sila koje determiniraju vertikalni razvoj i samoaktualizaciju lidera. Knjiga osim \u0161to daje druga\u010dije vi\u0111enje vertikalnog razvoja uspje\u0161nog pojedinca, ona otkriva \u201eX\u201c faktor bez kojeg, prema autoru, samoaktualizacija ne bi bila mogu\u0107a. \u00a0<\/p>\n<p>\ud83c\udf99 Danas, Nihad F.Softi\u0107 je preduzetnik, pisac, putnik, govornik i filantrop. Suosniva\u010d je i predsjednik neprofitne organizacije School &amp; School \u010diji je osnovni cilj unapre\u0111enje obrazovanja, te \u010dlan uprave School &amp; School druga\u010dije neformalne \u0161kole za djecu i tinejd\u017eere, koja je posve\u0107ena posmatranju, otkrivanju i razvijanju talenata kod djece. U ovoj epizodi Spotlight Podcast-a mahom pri\u010da o svojoj prvoj knjizi.<\/p>","protected":false},"excerpt":{"rendered":"<p>\ud83d\udc68\ud83c\udffb\u200d\ud83c\udf93 Nihad F.Softi\u0107, ro\u0111en je 13.marta 1972.godine u Gra\u010danici (Bosna i Hercegovina) gdje je proveo djetinjstvo i ranu mladost. Nakon zavr\u0161etka srednjo\u0161kolskog obrazovanja upisuje Fakultet za fizi\u010dku kulturu u Sarajevu. Usljed ratnih zbivanja, na drugoj godini studija prekida formalno obrazovanje. Aktivno se bavio ko\u0161arkom i igrao za nekoliko BiH klubova. Ko\u0161arka ga 1995. godine odvodi&#8230;<\/p>","protected":false},"author":3,"featured_media":78264,"comment_status":"close","ping_status":"closed","sticky":false,"template":"","format":"audio","meta":{"footnotes":""},"categories":[515],"tags":[],"class_list":["post-78302","post","type-post","status-publish","format-audio","has-post-thumbnail","hentry","category-spotlight-podcast","post_format-post-format-audio"],"_links":{"self":[{"href":"https:\/\/podcast.rs\/en\/wp-json\/wp\/v2\/posts\/78302","targetHints":{"allow":["GET"]}}],"collection":[{"href":"https:\/\/podcast.rs\/en\/wp-json\/wp\/v2\/posts"}],"about":[{"href":"https:\/\/podcast.rs\/en\/wp-json\/wp\/v2\/types\/post"}],"author":[{"embeddable":true,"href":"https:\/\/podcast.rs\/en\/wp-json\/wp\/v2\/users\/3"}],"replies":[{"embeddable":true,"href":"https:\/\/podcast.rs\/en\/wp-json\/wp\/v2\/comments?post=78302"}],"version-history":[{"count":1,"href":"https:\/\/podcast.rs\/en\/wp-json\/wp\/v2\/posts\/78302\/revisions"}],"predecessor-version":[{"id":78303,"href":"https:\/\/podcast.rs\/en\/wp-json\/wp\/v2\/posts\/78302\/revisions\/78303"}],"wp:featuredmedia":[{"embeddable":true,"href":"https:\/\/podcast.rs\/en\/wp-json\/wp\/v2\/media\/78264"}],"wp:attachment":[{"href":"https:\/\/podcast.rs\/en\/wp-json\/wp\/v2\/media?parent=78302"}],"wp:term":[{"taxonomy":"category","embeddable":true,"href":"https:\/\/podcast.rs\/en\/wp-json\/wp\/v2\/categories?post=78302"},{"taxonomy":"post_tag","embeddable":true,"href":"https:\/\/podcast.rs\/en\/wp-json\/wp\/v2\/tags?post=78302"}],"curies":[{"name":"wp","href":"https:\/\/api.w.org\/{rel}","templated":true}]}}