{"id":78292,"date":"2023-04-06T20:28:05","date_gmt":"2023-04-06T18:28:05","guid":{"rendered":"https:\/\/podcast.rs\/?p=78292"},"modified":"2023-04-28T10:09:08","modified_gmt":"2023-04-28T08:09:08","slug":"irena-milicevic-vukoja-od-korporativne-karijere-do-osnazivanja-zena-u-komunikaciji-e27s02","status":"publish","type":"post","link":"https:\/\/podcast.rs\/en\/irena-milicevic-vukoja-od-korporativne-karijere-do-osnazivanja-zena-u-komunikaciji-e27s02\/","title":{"rendered":"Irena Mili\u010devic\u0301 Vukoja: Od korporativne karijere do osna\u017eivanja \u017eena u komunikaciji | E27S02"},"content":{"rendered":"<p>\ud83d\udc69\ud83c\udffb\u200d\ud83c\udf93 Dobrodo\u0161li u najnoviju epizodu Spotlight Podcast-a, gdje vam predstavljamo neke od najuspje\u0161nijih akademaca i profesionalaca na prostoru WB6. U ovoj epizodi, odu\u0161evljeni smo \u0161to je na\u0161 specijalni gost Irena Mili\u010devic\u0301, magistrica ekonomije sa preko 16 godina iskustva u maloprodaji.<\/p>\n<p>\ud83d\udcab Irena je karijeru zapo\u010dela kao pripravnik u Konzumu d.o.o. Sarajevo, dio grupacije Agrokor, i napredovala je do direktora marketinga. Nakon \u0161to je zavr\u0161ila master studije na IEDC-Bled Business School for Management, otisnula se u svijet poslovne komunikacije i psihologije.<\/p>\n<p>\ud83c\udf38 U ovoj epizodi, Irena djeli svoj put tranzicije od uspe\u0161ne korporativne karijere do samostalne preduzetnice. Osniva\u010dica je i direktorka Prefiksa, kreativne kompanije koja nudi jedinstvene projekte i najnoviji pristup konsultantskim, PR i kreativnim uslugama.<\/p>\n<p>\ud83d\ude80 Irena je i osniva\u010dica i Woman.Comm Club-a, prvog i jedinog projekta posvec\u0301enog \u017eenama u komunikacijskoj i PR industriji u WB6 regiji. Preko kluba \u010dlanice mogu da se povezuju, razmjenjuju znanja i iskustva, anga\u017euju u nizu aktivnosti, uklju\u010dujuc\u0301i obrazovanje, medije i komunikacije, sport i rekreaciju.<\/p>\n<p>\ud83c\udfdb Pored toga \u0161to je podjelila svoje inspirativno putovanje, Irena govori o svojoj strasti za osna\u017eivanjem \u017eena u industriji komunikacija. Ona govori o izazovima sa kojima se suo\u010davaju \u017eene u industriji i isti\u010de potrebu za zajedni\u010dkom sinergijom kako bi se oja\u010dala njihova uloga.<\/p>\n<p>\ud83e\udef5 Epizoda se zavr\u0161ava tako \u0161to Irena pri\u010da o postoje\u0107im i budu\u0107im projektima, uklju\u010dujuc\u0301i konferenciju Woman Comm, koja je prva konferencija u Jadranskom regionu koja se fokusira na \u017eene u komunikacijskoj industriji. Ona tako\u0111e pominje pokretanje Akademije Woman Comm, koja ima za cilj da osna\u017ei mlade djevojke i studentkinje koji \u017eele da razviju svoje vje\u0161tine u industriji komunikacija.<\/p>\n<p>\ud83c\udf99 Ako ste zainteresovani za marketing, medije, komunikaciju i osna\u017eivanje \u017eena, ovu epizodu morate da pogledate i poslu\u0161ate. Pridru\u017eite nam se dok zakora\u010dujemo u fascinantan svijet Irene Mili\u010devic\u0301 Vukoja i njenog puta osna\u017eivanja \u017eena u industriji komunikacija.<\/p>\n<p>U\u017eivajte!<\/p>","protected":false},"excerpt":{"rendered":"<p>\ud83d\udc69\ud83c\udffb\u200d\ud83c\udf93 Dobrodo\u0161li u najnoviju epizodu Spotlight Podcast-a, gdje vam predstavljamo neke od najuspje\u0161nijih akademaca i profesionalaca na prostoru WB6. U ovoj epizodi, odu\u0161evljeni smo \u0161to je na\u0161 specijalni gost Irena Mili\u010devic\u0301, magistrica ekonomije sa preko 16 godina iskustva u maloprodaji. \ud83d\udcab Irena je karijeru zapo\u010dela kao pripravnik u Konzumu d.o.o. Sarajevo, dio grupacije Agrokor, i&#8230;<\/p>","protected":false},"author":3,"featured_media":78264,"comment_status":"close","ping_status":"closed","sticky":false,"template":"","format":"audio","meta":{"footnotes":""},"categories":[515],"tags":[],"class_list":["post-78292","post","type-post","status-publish","format-audio","has-post-thumbnail","hentry","category-spotlight-podcast","post_format-post-format-audio"],"_links":{"self":[{"href":"https:\/\/podcast.rs\/en\/wp-json\/wp\/v2\/posts\/78292","targetHints":{"allow":["GET"]}}],"collection":[{"href":"https:\/\/podcast.rs\/en\/wp-json\/wp\/v2\/posts"}],"about":[{"href":"https:\/\/podcast.rs\/en\/wp-json\/wp\/v2\/types\/post"}],"author":[{"embeddable":true,"href":"https:\/\/podcast.rs\/en\/wp-json\/wp\/v2\/users\/3"}],"replies":[{"embeddable":true,"href":"https:\/\/podcast.rs\/en\/wp-json\/wp\/v2\/comments?post=78292"}],"version-history":[{"count":1,"href":"https:\/\/podcast.rs\/en\/wp-json\/wp\/v2\/posts\/78292\/revisions"}],"predecessor-version":[{"id":78293,"href":"https:\/\/podcast.rs\/en\/wp-json\/wp\/v2\/posts\/78292\/revisions\/78293"}],"wp:featuredmedia":[{"embeddable":true,"href":"https:\/\/podcast.rs\/en\/wp-json\/wp\/v2\/media\/78264"}],"wp:attachment":[{"href":"https:\/\/podcast.rs\/en\/wp-json\/wp\/v2\/media?parent=78292"}],"wp:term":[{"taxonomy":"category","embeddable":true,"href":"https:\/\/podcast.rs\/en\/wp-json\/wp\/v2\/categories?post=78292"},{"taxonomy":"post_tag","embeddable":true,"href":"https:\/\/podcast.rs\/en\/wp-json\/wp\/v2\/tags?post=78292"}],"curies":[{"name":"wp","href":"https:\/\/api.w.org\/{rel}","templated":true}]}}