{"id":78235,"date":"2023-04-27T17:30:00","date_gmt":"2023-04-27T15:30:00","guid":{"rendered":"https:\/\/podcast.rs\/?p=78235"},"modified":"2023-04-27T18:22:23","modified_gmt":"2023-04-27T16:22:23","slug":"sta-nakon-lokalnih-izbora-na-kosovu","status":"publish","type":"post","link":"https:\/\/podcast.rs\/en\/sta-nakon-lokalnih-izbora-na-kosovu\/","title":{"rendered":"\u0160ta nakon lokalnih izbora na Kosovu?"},"content":{"rendered":"<p>      U \u010detiri op\u0161tine na severu Kosova u kojima ve\u0107inski \u017eive Srbi, odr\u017eani su izbori za gradona\u010delnike. Izbore je bojkotovalo preko 99 odsto kosovskih Srba. Pravo glasa iskoristilo je samo 13 Srba. Kako su protekli izbori? Ko je u ovoj situaciji pobedio, a ko do\u017eiveo poraz? Koliko \u0107e ovi izbori imati uticaja na dalji tok dijaloga Beograda i Pri\u0161tine? O tome u ovom podkastu razgovoramo sa na\u0161om dopisnicom iz Pri\u0161tine Violetom Oro\u0161i i Ned\u017emedinom Spahiuom, profesorom politi\u010dkih nauka u Pri\u0161tini.<\/p>","protected":false},"excerpt":{"rendered":"<p>U \u010detiri op\u0161tine na severu Kosova u kojima ve\u0107inski \u017eive Srbi, odr\u017eani su izbori za gradona\u010delnike. Izbore je bojkotovalo preko 99 odsto kosovskih Srba. Pravo glasa iskoristilo je samo 13 Srba. Kako su protekli izbori? Ko je u ovoj situaciji pobedio, a ko do\u017eiveo poraz? Koliko \u0107e ovi izbori imati uticaja na dalji tok dijaloga&#8230;<\/p>","protected":false},"author":3,"featured_media":48737,"comment_status":"close","ping_status":"closed","sticky":false,"template":"","format":"audio","meta":{"footnotes":""},"categories":[183],"tags":[],"class_list":["post-78235","post","type-post","status-publish","format-audio","has-post-thumbnail","hentry","category-cosmo","post_format-post-format-audio"],"_links":{"self":[{"href":"https:\/\/podcast.rs\/en\/wp-json\/wp\/v2\/posts\/78235","targetHints":{"allow":["GET"]}}],"collection":[{"href":"https:\/\/podcast.rs\/en\/wp-json\/wp\/v2\/posts"}],"about":[{"href":"https:\/\/podcast.rs\/en\/wp-json\/wp\/v2\/types\/post"}],"author":[{"embeddable":true,"href":"https:\/\/podcast.rs\/en\/wp-json\/wp\/v2\/users\/3"}],"replies":[{"embeddable":true,"href":"https:\/\/podcast.rs\/en\/wp-json\/wp\/v2\/comments?post=78235"}],"version-history":[{"count":1,"href":"https:\/\/podcast.rs\/en\/wp-json\/wp\/v2\/posts\/78235\/revisions"}],"predecessor-version":[{"id":78236,"href":"https:\/\/podcast.rs\/en\/wp-json\/wp\/v2\/posts\/78235\/revisions\/78236"}],"wp:featuredmedia":[{"embeddable":true,"href":"https:\/\/podcast.rs\/en\/wp-json\/wp\/v2\/media\/48737"}],"wp:attachment":[{"href":"https:\/\/podcast.rs\/en\/wp-json\/wp\/v2\/media?parent=78235"}],"wp:term":[{"taxonomy":"category","embeddable":true,"href":"https:\/\/podcast.rs\/en\/wp-json\/wp\/v2\/categories?post=78235"},{"taxonomy":"post_tag","embeddable":true,"href":"https:\/\/podcast.rs\/en\/wp-json\/wp\/v2\/tags?post=78235"}],"curies":[{"name":"wp","href":"https:\/\/api.w.org\/{rel}","templated":true}]}}