{"id":78198,"date":"2023-04-26T17:57:14","date_gmt":"2023-04-26T15:57:14","guid":{"rendered":"https:\/\/podcast.rs\/?p=78198"},"modified":"2023-04-26T18:22:34","modified_gmt":"2023-04-26T16:22:34","slug":"manjak-osoblja-u-vrticima-prilika-za-posao","status":"publish","type":"post","link":"https:\/\/podcast.rs\/en\/manjak-osoblja-u-vrticima-prilika-za-posao\/","title":{"rendered":"Manjak osoblja u vrti\u0107ima &#8211; prilika za posao?"},"content":{"rendered":"<p>      Njema\u010dki vrti\u0107i su \u0161trajkom izborili pove\u0107anje pla\u0107a. Ali rje\u0161ava li to kompliciranu situaciju u kojoj se nalaze? Manjak radnika, nedovoljno mjesta za djecu, ote\u017eani uvjeti rada. Sve je to realnost s kojom se bore i zaposlenici i roditelji. Jer \u0161to kada se raditi mora, a vrti\u0107a nema? Amir Kamber i Maja Mari\u0107 donose vi\u0161e o zakonskim pravima odgajatelja ali i roditelja. Suzana Djuki\u0107, odgajateljica, zna sve o uvjetima rada i  kako do\u0107i do kvalifikacija za to zanimanje. Nove ideje za zapo\u0161ljavanje!<\/p>","protected":false},"excerpt":{"rendered":"<p>Njema\u010dki vrti\u0107i su \u0161trajkom izborili pove\u0107anje pla\u0107a. Ali rje\u0161ava li to kompliciranu situaciju u kojoj se nalaze? Manjak radnika, nedovoljno mjesta za djecu, ote\u017eani uvjeti rada. Sve je to realnost s kojom se bore i zaposlenici i roditelji. Jer \u0161to kada se raditi mora, a vrti\u0107a nema? Amir Kamber i Maja Mari\u0107 donose vi\u0161e o&#8230;<\/p>","protected":false},"author":3,"featured_media":48737,"comment_status":"close","ping_status":"closed","sticky":false,"template":"","format":"audio","meta":{"footnotes":""},"categories":[183],"tags":[],"class_list":["post-78198","post","type-post","status-publish","format-audio","has-post-thumbnail","hentry","category-cosmo","post_format-post-format-audio"],"_links":{"self":[{"href":"https:\/\/podcast.rs\/en\/wp-json\/wp\/v2\/posts\/78198","targetHints":{"allow":["GET"]}}],"collection":[{"href":"https:\/\/podcast.rs\/en\/wp-json\/wp\/v2\/posts"}],"about":[{"href":"https:\/\/podcast.rs\/en\/wp-json\/wp\/v2\/types\/post"}],"author":[{"embeddable":true,"href":"https:\/\/podcast.rs\/en\/wp-json\/wp\/v2\/users\/3"}],"replies":[{"embeddable":true,"href":"https:\/\/podcast.rs\/en\/wp-json\/wp\/v2\/comments?post=78198"}],"version-history":[{"count":1,"href":"https:\/\/podcast.rs\/en\/wp-json\/wp\/v2\/posts\/78198\/revisions"}],"predecessor-version":[{"id":78199,"href":"https:\/\/podcast.rs\/en\/wp-json\/wp\/v2\/posts\/78198\/revisions\/78199"}],"wp:featuredmedia":[{"embeddable":true,"href":"https:\/\/podcast.rs\/en\/wp-json\/wp\/v2\/media\/48737"}],"wp:attachment":[{"href":"https:\/\/podcast.rs\/en\/wp-json\/wp\/v2\/media?parent=78198"}],"wp:term":[{"taxonomy":"category","embeddable":true,"href":"https:\/\/podcast.rs\/en\/wp-json\/wp\/v2\/categories?post=78198"},{"taxonomy":"post_tag","embeddable":true,"href":"https:\/\/podcast.rs\/en\/wp-json\/wp\/v2\/tags?post=78198"}],"curies":[{"name":"wp","href":"https:\/\/api.w.org\/{rel}","templated":true}]}}