{"id":77856,"date":"2023-04-21T10:23:18","date_gmt":"2023-04-21T08:23:18","guid":{"rendered":"https:\/\/podcast.rs\/?p=77856"},"modified":"2023-04-21T10:26:05","modified_gmt":"2023-04-21T08:26:05","slug":"s5a18-partizan-sa-realom-popravni-za-borac","status":"publish","type":"post","link":"https:\/\/podcast.rs\/en\/s5a18-partizan-sa-realom-popravni-za-borac\/","title":{"rendered":"S5A18 \u2013 Partizan Sa Realom, \u201cpopravni\u201d Za Borac!"},"content":{"rendered":"<p>April je mesec kada se regularne sezone zavr\u0161avaju \u0161irom Evrope.<br \/>\nSamim time, ispratili smo i zavr\u0161nicu ABA lige i Evrolige, i ovo su<br \/>\nneki rezultati i zaklju\u010dci koje imamo&#8230;<br \/>\nPo\u010dnimo, kako je sada ve\u0107 i uobi\u010dajeno, od Partizana. Tresle su se<br \/>\nruke crno-belima malo protiv Panatinaikosa, pitanje je bilo ho\u0107e li biti<br \/>\nReal ili Barselona, ali ponovo se kad je najpotrebnije pojavio D\u017eejms<br \/>\nNaneli i preciznim \u0161utem za tri re\u0161io stvari u korist svoje ekipe.<br \/>\nEpilog \u2013 \u010detvrtfinalna serija Partizana i Reala iz Madrida, koja je na<\/p>\n<p>programu slede\u0107e nedelje, a ulog je odlazak u Kaunas na F4! Malo<br \/>\nli je, \u0161to se ka\u017ee&#8230;<br \/>\nCrvena Zvezda je svoj deo posla \u010dasno odradila, pa njeni<br \/>\nsimpatizeri ovosezonsku Evroligu arhiviraju sa koliko-toliko lepim<br \/>\nuspomenama. Da, svakako je moglo bolje \u2013 da su pobedili one<br \/>\nutakmice protiv Panate, Bajerna i Albe, sad bi se gledali aran\u017emani<br \/>\nza Monako ili Tel Aviv. Ali, tada nije bilo prisebnosti, pa \u0107e i ovih<br \/>\n50% poslu\u017eiti kao ute\u0161na nagrada. Pritom, da istaknemo da Zvezda<br \/>\njo\u0161 ima \u201edopunske nastave\u201c u ABA ligi, kao uostalom i Partizan, ali<br \/>\ncrveno-beli ove nedelje imaju dupli program.<br \/>\nVelika borba vodila se i za opstanak, gde je MZT zamalo napravio<br \/>\n\u010dudo sa tri uzastopne pobede u tri poslednja kola. Ipak, Borac je<br \/>\nspre\u010dio iznena\u0111enje prirediv\u0161i jedno svoje \u2013 pobeda u Podgorici<br \/>\n\u201eodlo\u017eila\u201c je odluku o ispadanju i zakazala dvome\u010d sa Heliosom, a<br \/>\novaj trijumf \u010ca\u010dana u crnogorskoj prestonici \u201epovukao\u201c je i smenu<br \/>\ntrenera u redovima crnogorskog \u0161ampiona. Umesto Vlade<br \/>\nJovanovi\u0107a, novi-stari trener \u201eplavih\u201c je Petar Mijovi\u0107, koji ve\u0107 ima<br \/>\nsta\u017ea sa ovom ekipom.<br \/>\nA kad smo ve\u0107 kod ABA 2, da spomenemo i da je to takmi\u010denje<br \/>\nosvojila Krka, pa \u0107e se dogodine opet igrati elitna jadranska ko\u0161arka<br \/>\nu mitskoj hali Leon \u0160tukelj! Stari as Rok Stip\u010devi\u0107 bio je jo\u0161 jednom<br \/>\nna visini zadatka, i slovena\u010dka kolonija se tako pro\u0161irila za jo\u0161<br \/>\njednog \u010dlana. Da li i jedinog, saznajemo uskoro.<br \/>\nTo vam je to \u0161to se podkasta ti\u010de za ovu nedelju, pa se vidimo opet<br \/>\nu utorak sa NBA temama! U\u017eivajte!<\/p>","protected":false},"excerpt":{"rendered":"<p>April je mesec kada se regularne sezone zavr\u0161avaju \u0161irom Evrope. Samim time, ispratili smo i zavr\u0161nicu ABA lige i Evrolige, i ovo su neki rezultati i zaklju\u010dci koje imamo&#8230; Po\u010dnimo, kako je sada ve\u0107 i uobi\u010dajeno, od Partizana. Tresle su se ruke crno-belima malo protiv Panatinaikosa, pitanje je bilo ho\u0107e li biti Real ili Barselona,&#8230;<\/p>","protected":false},"author":3,"featured_media":25637,"comment_status":"open","ping_status":"closed","sticky":false,"template":"","format":"audio","meta":{"footnotes":""},"categories":[203],"tags":[],"class_list":["post-77856","post","type-post","status-publish","format-audio","has-post-thumbnail","hentry","category-sesta-licna","post_format-post-format-audio"],"_links":{"self":[{"href":"https:\/\/podcast.rs\/en\/wp-json\/wp\/v2\/posts\/77856","targetHints":{"allow":["GET"]}}],"collection":[{"href":"https:\/\/podcast.rs\/en\/wp-json\/wp\/v2\/posts"}],"about":[{"href":"https:\/\/podcast.rs\/en\/wp-json\/wp\/v2\/types\/post"}],"author":[{"embeddable":true,"href":"https:\/\/podcast.rs\/en\/wp-json\/wp\/v2\/users\/3"}],"replies":[{"embeddable":true,"href":"https:\/\/podcast.rs\/en\/wp-json\/wp\/v2\/comments?post=77856"}],"version-history":[{"count":1,"href":"https:\/\/podcast.rs\/en\/wp-json\/wp\/v2\/posts\/77856\/revisions"}],"predecessor-version":[{"id":77857,"href":"https:\/\/podcast.rs\/en\/wp-json\/wp\/v2\/posts\/77856\/revisions\/77857"}],"wp:featuredmedia":[{"embeddable":true,"href":"https:\/\/podcast.rs\/en\/wp-json\/wp\/v2\/media\/25637"}],"wp:attachment":[{"href":"https:\/\/podcast.rs\/en\/wp-json\/wp\/v2\/media?parent=77856"}],"wp:term":[{"taxonomy":"category","embeddable":true,"href":"https:\/\/podcast.rs\/en\/wp-json\/wp\/v2\/categories?post=77856"},{"taxonomy":"post_tag","embeddable":true,"href":"https:\/\/podcast.rs\/en\/wp-json\/wp\/v2\/tags?post=77856"}],"curies":[{"name":"wp","href":"https:\/\/api.w.org\/{rel}","templated":true}]}}