{"id":75000,"date":"2023-04-11T20:44:41","date_gmt":"2023-04-11T18:44:41","guid":{"rendered":"https:\/\/podcast.rs\/?p=75000"},"modified":"2023-04-11T21:34:49","modified_gmt":"2023-04-11T19:34:49","slug":"subotica-u-mimoilazenju","status":"publish","type":"post","link":"https:\/\/podcast.rs\/en\/subotica-u-mimoilazenju\/","title":{"rendered":"Subotica u mimoila\u017eenju"},"content":{"rendered":"<p>\u017delimo sa vama da podelimo utiske sa okruglog stola koji je portal Maglo\u010dista\u010d organizovao krajem marta, a koji je nosio naziv \u201eSubotica u mimoila\u017eenju: Multikulturalne politike i interkulturalne perspektive\u201c.<\/p>\n<p>Ovaj okrugli sto organizovali smo sa ciljem da, kroz razgovor sa stru\u010dnjacima, vidimo koje su to glavne prepreke u ostvarivanju interkulutralnih vrednosti u na\u0161em gradu, kao i \u0161ta su uzroci &#8211; ali i posledice nedostatka istih.\u00a0<\/p>\n<p>Okrugli sto okupio je \u010dak 10 stru\u010dnjaka i stru\u010dnjakinja iz razli\u010ditih sfera &#8211; od sociologa, antropologa, kulturologa, istori\u010dara, preko omladinskih i prosvetnih radnika, do aktivista iz civilnog sektora.<\/p>\n<p>A pored istaknutih Suboti\u010dana i Suboti\u010danki, ugostili smo i stru\u010dnjakinju Aleksandru \u0110uri\u0107 Bosni\u0107 iz novosadskog CINK-a tj. Centra za interkulturnu komunikaciju.<\/p>\n<p>U ovom podkastu, izdvajamo najupe\u010datljivije segmente okruglog stola &#8211; zapa\u017eanja o aktuelnom stanju, ali i preporuke kako se vratiti na put evropske mre\u017ee \u201cInterkulturalnih gradova\u201d, me\u0111u kojima se od 2008. nalazi i Subotica kao jedini predstavnik Srbije.<\/p>","protected":false},"excerpt":{"rendered":"<p>\u017delimo sa vama da podelimo utiske sa okruglog stola koji je portal Maglo\u010dista\u010d organizovao krajem marta, a koji je nosio naziv \u201eSubotica u mimoila\u017eenju: Multikulturalne politike i interkulturalne perspektive\u201c. Ovaj okrugli sto organizovali smo sa ciljem da, kroz razgovor sa stru\u010dnjacima, vidimo koje su to glavne prepreke u ostvarivanju interkulutralnih vrednosti u na\u0161em gradu, kao&#8230;<\/p>","protected":false},"author":3,"featured_media":63211,"comment_status":"close","ping_status":"closed","sticky":false,"template":"","format":"audio","meta":{"footnotes":""},"categories":[439],"tags":[],"class_list":["post-75000","post","type-post","status-publish","format-audio","has-post-thumbnail","hentry","category-maglocistac","post_format-post-format-audio"],"_links":{"self":[{"href":"https:\/\/podcast.rs\/en\/wp-json\/wp\/v2\/posts\/75000","targetHints":{"allow":["GET"]}}],"collection":[{"href":"https:\/\/podcast.rs\/en\/wp-json\/wp\/v2\/posts"}],"about":[{"href":"https:\/\/podcast.rs\/en\/wp-json\/wp\/v2\/types\/post"}],"author":[{"embeddable":true,"href":"https:\/\/podcast.rs\/en\/wp-json\/wp\/v2\/users\/3"}],"replies":[{"embeddable":true,"href":"https:\/\/podcast.rs\/en\/wp-json\/wp\/v2\/comments?post=75000"}],"version-history":[{"count":1,"href":"https:\/\/podcast.rs\/en\/wp-json\/wp\/v2\/posts\/75000\/revisions"}],"predecessor-version":[{"id":75001,"href":"https:\/\/podcast.rs\/en\/wp-json\/wp\/v2\/posts\/75000\/revisions\/75001"}],"wp:featuredmedia":[{"embeddable":true,"href":"https:\/\/podcast.rs\/en\/wp-json\/wp\/v2\/media\/63211"}],"wp:attachment":[{"href":"https:\/\/podcast.rs\/en\/wp-json\/wp\/v2\/media?parent=75000"}],"wp:term":[{"taxonomy":"category","embeddable":true,"href":"https:\/\/podcast.rs\/en\/wp-json\/wp\/v2\/categories?post=75000"},{"taxonomy":"post_tag","embeddable":true,"href":"https:\/\/podcast.rs\/en\/wp-json\/wp\/v2\/tags?post=75000"}],"curies":[{"name":"wp","href":"https:\/\/api.w.org\/{rel}","templated":true}]}}