{"id":74340,"date":"2023-04-03T08:50:33","date_gmt":"2023-04-03T06:50:33","guid":{"rendered":"https:\/\/podcast.rs\/?p=74340"},"modified":"2023-04-03T09:35:22","modified_gmt":"2023-04-03T07:35:22","slug":"ep029-kako-sam-zavolela-svoju-unutrasnju-kriticarku","status":"publish","type":"post","link":"https:\/\/podcast.rs\/en\/ep029-kako-sam-zavolela-svoju-unutrasnju-kriticarku\/","title":{"rendered":"EP029 Kako sam zavolela svoju unutra\u0161nju kriti\u010darku"},"content":{"rendered":"<p>Moja unutra\u0161nja kriti\u010darka je opasna zverka i ulo\u017eila sam mnogo vremena i truda da je razumem i umirim. Zato sada mogu toliko da pri\u010dam o njoj i kako se izboriti sa tim kritikuju\u0107im glasom u sebi. Jer sam pro\u0161la golgotu sa njom, a na kraju svega ipak uspela ne samo da je umirim nego da je i zavolim. Kako? Poslu\u0161ajte u novoj epizodi podcasta &#8222;Uzaludna perfekcionistkinja&#8220; na slede\u0107im platformama:<\/p>\n<p><a href=\"https:\/\/open.spotify.com\/show\/6xMMyokt2vX1hi3ZY2YHYK\">Spotify<\/a> <\/p>\n<p><a href=\"https:\/\/podcasts.apple.com\/us\/podcast\/uzaludna-perfekcionistkinja\/id1652161068\">Apple Podcasts<\/a> <\/p>\n<p><a href=\"https:\/\/podcasts.google.com\/feed\/aHR0cHM6Ly9hbmNob3IuZm0vcy9hY2ZhNmViYy9wb2RjYXN0L3Jzcw\">Google Podcasts<\/a> <\/p>\n<p><a href=\"https:\/\/www.stitcher.com\/show\/1058077\">Stitcher<\/a><\/p>\n<p><a href=\"https:\/\/podcast.rs\/en\/show\/uzaludna-perfekcionistkinja\/\">Podcast.rs<\/a><\/p>\n<p>\u017delim da \u010dujem va\u0161e komentare, va\u0161e pri\u010de i iskustvo, pa vas pozivam<br \/>\nda se pove\u017eemo na dru\u0161tvenim mre\u017eama:<\/p>\n<p><a href=\"https:\/\/www.instagram.com\/marjeta.pevec\/\">Instagram<\/a> <\/p>\n<p><a href=\"https:\/\/www.facebook.com\/marjetapeveclifecoach\">Facebook<\/a> <\/p>\n<p><a href=\"https:\/\/www.tiktok.com\/@marjetapevec\">TikTok<\/a><\/p>\n<p>Ako \u017eelite da dobijate moja pisma \u010detvrtkom, mo\u017eete se prijaviti<br \/>\nna ovom <a href=\"https:\/\/landing.mailerlite.com\/webforms\/landing\/b4o9d6\">linku<\/a><\/p>\n<p>Slu\u0161amo se!<\/p>","protected":false},"excerpt":{"rendered":"<p>Moja unutra\u0161nja kriti\u010darka je opasna zverka i ulo\u017eila sam mnogo vremena i truda da je razumem i umirim. Zato sada mogu toliko da pri\u010dam o njoj i kako se izboriti sa tim kritikuju\u0107im glasom u sebi. Jer sam pro\u0161la golgotu sa njom, a na kraju svega ipak uspela ne samo da je umirim nego da&#8230;<\/p>","protected":false},"author":3,"featured_media":67144,"comment_status":"close","ping_status":"closed","sticky":false,"template":"","format":"audio","meta":{"footnotes":""},"categories":[470],"tags":[],"class_list":["post-74340","post","type-post","status-publish","format-audio","has-post-thumbnail","hentry","category-uzaludna-perfekcionistkinja","post_format-post-format-audio"],"_links":{"self":[{"href":"https:\/\/podcast.rs\/en\/wp-json\/wp\/v2\/posts\/74340","targetHints":{"allow":["GET"]}}],"collection":[{"href":"https:\/\/podcast.rs\/en\/wp-json\/wp\/v2\/posts"}],"about":[{"href":"https:\/\/podcast.rs\/en\/wp-json\/wp\/v2\/types\/post"}],"author":[{"embeddable":true,"href":"https:\/\/podcast.rs\/en\/wp-json\/wp\/v2\/users\/3"}],"replies":[{"embeddable":true,"href":"https:\/\/podcast.rs\/en\/wp-json\/wp\/v2\/comments?post=74340"}],"version-history":[{"count":1,"href":"https:\/\/podcast.rs\/en\/wp-json\/wp\/v2\/posts\/74340\/revisions"}],"predecessor-version":[{"id":74341,"href":"https:\/\/podcast.rs\/en\/wp-json\/wp\/v2\/posts\/74340\/revisions\/74341"}],"wp:featuredmedia":[{"embeddable":true,"href":"https:\/\/podcast.rs\/en\/wp-json\/wp\/v2\/media\/67144"}],"wp:attachment":[{"href":"https:\/\/podcast.rs\/en\/wp-json\/wp\/v2\/media?parent=74340"}],"wp:term":[{"taxonomy":"category","embeddable":true,"href":"https:\/\/podcast.rs\/en\/wp-json\/wp\/v2\/categories?post=74340"},{"taxonomy":"post_tag","embeddable":true,"href":"https:\/\/podcast.rs\/en\/wp-json\/wp\/v2\/tags?post=74340"}],"curies":[{"name":"wp","href":"https:\/\/api.w.org\/{rel}","templated":true}]}}