{"id":72009,"date":"2023-03-28T17:25:44","date_gmt":"2023-03-28T15:25:44","guid":{"rendered":"https:\/\/podcast.rs\/?p=72009"},"modified":"2023-03-28T18:40:24","modified_gmt":"2023-03-28T16:40:24","slug":"s5a15-crno-beli-konacno-srusili-cedevitu","status":"publish","type":"post","link":"https:\/\/podcast.rs\/en\/s5a15-crno-beli-konacno-srusili-cedevitu\/","title":{"rendered":"S5A15 \u2013 Crno &#8211; Beli Kona\u010dno Sru\u0161ili Cedevitu!"},"content":{"rendered":"<p>Korak po korak, ko\u0161arka\u0161ki beogradskog Partizana dolaze do prvog<br \/>\nmesta pred jadransko doigravanje. Ovaj korak od nedelje je dodu\u0161e<br \/>\nne\u0161to \u201ekrupniji\u201c nego obi\u010dno, jer je protivnik bio jedini protiv kojeg<br \/>\n\u017deljko Obradovi\u0107 do sada nije imao sre\u0107e \u2013 Cedevita Olimpija. Ali i<br \/>\ntoj seriji je do\u0161ao kraj!<br \/>\nOdigrali su Ljubljan\u010dani dobar me\u010d, ali ne i dovoljno dobar da se<br \/>\nvrate ku\u0107i sa jo\u0161 jednom pobedom protiv Partizana. Crno-beli su<br \/>\nimali dosta problema sa Ferelom i Adamsom, gledali u \u010detvrtoj<\/p>\n<p>\u010detvrtini \u010dak i u rezultatski deficit, ali je prisebnost u fini\u0161u presudila.<br \/>\nFerel je imao \u0161ut za egal, nije pogodio, i tako je \u017deljko kona\u010dno<br \/>\nupisao i ovu \u201erecku\u201c na svoj konto.<br \/>\nNova pobeda Partizana predstavlja jo\u0161 samo jedan detalj u odli\u010dnoj<br \/>\nseriji ekipe koju vodi najtrofejniji evroliga\u0161ki trener svih vremena.<br \/>\nSvega par dana pre, pao je Olimpijakos u grotlu beogradske Arene,<br \/>\nte se mo\u017ee re\u0107i da je top 8 faza EL sve bli\u017ea. Ostali su jo\u0161 samo<br \/>\nneki izuzetno te\u0161ki me\u010devi, ali sve se \u010dini da je Partizan kadar i to da<br \/>\niznese na svojim ple\u0107ima. Odgovore svakako dobijamo brzo.<br \/>\nCrvena Zvezda je svoju utakmicu protiv Mornara odlo\u017eila zbog<br \/>\nzdravstvenih problema, pa tako ima ne\u0161to vi\u0161e vremena da<br \/>\nkontemplira svoje preostale \u0161anse za dalji plasman u Evroligi (kojih<br \/>\nnema previ\u0161e). Odavno crveno-beli ne zavise od svojih ruku u ovom<br \/>\ntakmi\u010denju, i samo ih sve pobede do kraja, uz povoljne spletove<br \/>\nokolnosti, odr\u017eavaju u igri \u2013 u ovom momentu, Du\u0161ko Ivanovi\u0107 je<br \/>\nverovatno fokusiran da u \u0161to boljem raspolo\u017eenju u\u0111e u plej-of na<br \/>\nJadranu. Nakon prili\u010dno napetih par nedelja, \u010dini se da se dobra<br \/>\nhemija vra\u0107a u ekipu \u0161to smo videli protiv Baskonije, ali to se mora i<br \/>\npotvrditi u daljoj praksi.<br \/>\nOd ostalih utakmica, izdvajamo veliku pobedu Borca u derbiju<br \/>\nza\u010delja koji je verovatno odlu\u010dio ko ispada iz lige \u2013 ne do\u0111e li do<br \/>\nnekakvih neverovatnih preokreta, to \u0107e verovatno biti skopski MZT.<br \/>\nCibona je \u0161okirala FMP u Zagrebu i tako ostala u trci za plej-of, a<br \/>\nistome se iz prikrajka nadaju i Split i Igokea, koja je pre svega par<br \/>\nkola bila bli\u017ea mestu koje vodi u ABA 2.<br \/>\nSve ovo, pa i ne\u0161to usput, analiziramo u novoj epizodi jadranskog<br \/>\npodkasta. A kad ga izgustirate, imate dva dana do NBA, gde tako\u0111e<br \/>\nobe\u0107avamo dobru zabavu! Znanje ve\u0107 ne, za to se snalazite drugde.<br \/>\nVidimo se!<\/p>","protected":false},"excerpt":{"rendered":"<p>Korak po korak, ko\u0161arka\u0161ki beogradskog Partizana dolaze do prvog mesta pred jadransko doigravanje. Ovaj korak od nedelje je dodu\u0161e ne\u0161to \u201ekrupniji\u201c nego obi\u010dno, jer je protivnik bio jedini protiv kojeg \u017deljko Obradovi\u0107 do sada nije imao sre\u0107e \u2013 Cedevita Olimpija. Ali i toj seriji je do\u0161ao kraj! Odigrali su Ljubljan\u010dani dobar me\u010d, ali ne i&#8230;<\/p>","protected":false},"author":3,"featured_media":25637,"comment_status":"open","ping_status":"closed","sticky":false,"template":"","format":"audio","meta":{"footnotes":""},"categories":[203],"tags":[],"class_list":["post-72009","post","type-post","status-publish","format-audio","has-post-thumbnail","hentry","category-sesta-licna","post_format-post-format-audio"],"_links":{"self":[{"href":"https:\/\/podcast.rs\/en\/wp-json\/wp\/v2\/posts\/72009","targetHints":{"allow":["GET"]}}],"collection":[{"href":"https:\/\/podcast.rs\/en\/wp-json\/wp\/v2\/posts"}],"about":[{"href":"https:\/\/podcast.rs\/en\/wp-json\/wp\/v2\/types\/post"}],"author":[{"embeddable":true,"href":"https:\/\/podcast.rs\/en\/wp-json\/wp\/v2\/users\/3"}],"replies":[{"embeddable":true,"href":"https:\/\/podcast.rs\/en\/wp-json\/wp\/v2\/comments?post=72009"}],"version-history":[{"count":1,"href":"https:\/\/podcast.rs\/en\/wp-json\/wp\/v2\/posts\/72009\/revisions"}],"predecessor-version":[{"id":72010,"href":"https:\/\/podcast.rs\/en\/wp-json\/wp\/v2\/posts\/72009\/revisions\/72010"}],"wp:featuredmedia":[{"embeddable":true,"href":"https:\/\/podcast.rs\/en\/wp-json\/wp\/v2\/media\/25637"}],"wp:attachment":[{"href":"https:\/\/podcast.rs\/en\/wp-json\/wp\/v2\/media?parent=72009"}],"wp:term":[{"taxonomy":"category","embeddable":true,"href":"https:\/\/podcast.rs\/en\/wp-json\/wp\/v2\/categories?post=72009"},{"taxonomy":"post_tag","embeddable":true,"href":"https:\/\/podcast.rs\/en\/wp-json\/wp\/v2\/tags?post=72009"}],"curies":[{"name":"wp","href":"https:\/\/api.w.org\/{rel}","templated":true}]}}