{"id":70485,"date":"2023-03-21T12:19:32","date_gmt":"2023-03-21T11:19:32","guid":{"rendered":"https:\/\/podcast.rs\/?p=70485"},"modified":"2023-03-21T14:05:09","modified_gmt":"2023-03-21T12:05:09","slug":"ep027-kako-da-prestanes-da-prokrastiniras","status":"publish","type":"post","link":"https:\/\/podcast.rs\/en\/ep027-kako-da-prestanes-da-prokrastiniras\/","title":{"rendered":"EP027 Kako da prestane\u0161 da prokrastinira\u0161?"},"content":{"rendered":"<p>\u0160ta je prokrastinacija ili odlaganje? Za\u0161to se to svima de\u0161ava? \u0160ta je prouzrokuje? I kako da prestane\u0161 da prokrastinira\u0161?<\/p>\n<p><\/p>\n<p>Na ova pitanja odgovaram u dana\u0161njoj epizodi podcasta &#8222;Uzaludna perfekcionistkinja&#8220; koju mo\u017ee\u0161 poslu\u0161ati na slede\u0107im platformama:<\/p>\n<p><a href=\"https:\/\/open.spotify.com\/show\/6xMMyokt2vX1hi3ZY2YHYK\">Spotify<\/a> <\/p>\n<p><a href=\"https:\/\/podcasts.apple.com\/us\/podcast\/uzaludna-perfekcionistkinja\/id1652161068\">Apple Podcasts<\/a> <\/p>\n<p><a href=\"https:\/\/podcasts.google.com\/feed\/aHR0cHM6Ly9hbmNob3IuZm0vcy9hY2ZhNmViYy9wb2RjYXN0L3Jzcw\">Google Podcasts<\/a> <\/p>\n<p><a href=\"https:\/\/www.stitcher.com\/show\/1058077\">Stitcher<\/a><\/p>\n<p><a href=\"https:\/\/podcast.rs\/en\/show\/uzaludna-perfekcionistkinja\/\">Podcast.rs<\/a><\/p>\n<p><\/p>\n<p>\u017delim da \u010dujem va\u0161e komentare, va\u0161e pri\u010de i iskustvo, pa vas pozivam da se pove\u017eemo na dru\u0161tvenim mre\u017eama:<\/p>\n<p><a href=\"https:\/\/www.instagram.com\/marjeta.pevec\/\">Instagram<\/a> <\/p>\n<p><a href=\"https:\/\/www.facebook.com\/marjetapeveclifecoach\">Facebook<\/a> <\/p>\n<p><a href=\"https:\/\/www.tiktok.com\/@marjetapevec\">TikTok<\/a><\/p>\n<p>Ako \u017eelite da dobijate moja pisma \u010detvrtkom, mo\u017eete se prijaviti na ovom <a href=\"https:\/\/landing.mailerlite.com\/webforms\/landing\/b4o9d6\">linku<\/a><\/p>\n<p>Slu\u0161amo se!<\/p>","protected":false},"excerpt":{"rendered":"<p>\u0160ta je prokrastinacija ili odlaganje? Za\u0161to se to svima de\u0161ava? \u0160ta je prouzrokuje? I kako da prestane\u0161 da prokrastinira\u0161? Na ova pitanja odgovaram u dana\u0161njoj epizodi podcasta &#8222;Uzaludna perfekcionistkinja&#8220; koju mo\u017ee\u0161 poslu\u0161ati na slede\u0107im platformama: Spotify Apple Podcasts Google Podcasts Stitcher Podcast.rs \u017delim da \u010dujem va\u0161e komentare, va\u0161e pri\u010de i iskustvo, pa vas pozivam da&#8230;<\/p>","protected":false},"author":3,"featured_media":67144,"comment_status":"close","ping_status":"closed","sticky":false,"template":"","format":"audio","meta":{"footnotes":""},"categories":[470],"tags":[],"class_list":["post-70485","post","type-post","status-publish","format-audio","has-post-thumbnail","hentry","category-uzaludna-perfekcionistkinja","post_format-post-format-audio"],"_links":{"self":[{"href":"https:\/\/podcast.rs\/en\/wp-json\/wp\/v2\/posts\/70485","targetHints":{"allow":["GET"]}}],"collection":[{"href":"https:\/\/podcast.rs\/en\/wp-json\/wp\/v2\/posts"}],"about":[{"href":"https:\/\/podcast.rs\/en\/wp-json\/wp\/v2\/types\/post"}],"author":[{"embeddable":true,"href":"https:\/\/podcast.rs\/en\/wp-json\/wp\/v2\/users\/3"}],"replies":[{"embeddable":true,"href":"https:\/\/podcast.rs\/en\/wp-json\/wp\/v2\/comments?post=70485"}],"version-history":[{"count":1,"href":"https:\/\/podcast.rs\/en\/wp-json\/wp\/v2\/posts\/70485\/revisions"}],"predecessor-version":[{"id":70486,"href":"https:\/\/podcast.rs\/en\/wp-json\/wp\/v2\/posts\/70485\/revisions\/70486"}],"wp:featuredmedia":[{"embeddable":true,"href":"https:\/\/podcast.rs\/en\/wp-json\/wp\/v2\/media\/67144"}],"wp:attachment":[{"href":"https:\/\/podcast.rs\/en\/wp-json\/wp\/v2\/media?parent=70485"}],"wp:term":[{"taxonomy":"category","embeddable":true,"href":"https:\/\/podcast.rs\/en\/wp-json\/wp\/v2\/categories?post=70485"},{"taxonomy":"post_tag","embeddable":true,"href":"https:\/\/podcast.rs\/en\/wp-json\/wp\/v2\/tags?post=70485"}],"curies":[{"name":"wp","href":"https:\/\/api.w.org\/{rel}","templated":true}]}}