{"id":68712,"date":"2023-03-14T21:00:00","date_gmt":"2023-03-14T20:00:00","guid":{"rendered":"https:\/\/podcast.rs\/?p=68712"},"modified":"2023-03-14T22:38:28","modified_gmt":"2023-03-14T20:38:28","slug":"s5a13-partizan-zasijao-u-punoj-areni-soundcloud","status":"publish","type":"post","link":"https:\/\/podcast.rs\/en\/s5a13-partizan-zasijao-u-punoj-areni-soundcloud\/","title":{"rendered":"S5A13 \u2013 Partizan Zasijao U Punoj Areni! (SoundCloud)"},"content":{"rendered":"<p>Peti derbi, druga sre\u0107a za Partizan! Nakon \u0161to je crveno-belima<br \/>\npripao duel u kupu Radivoja Kora\u0107a, Partizan je povezao redove,<br \/>\nostvario neke velike EL pobede i sada i na najbolji mogu\u0107i na\u010din<br \/>\niskoristio minus fazu Zvezde \u2013 pobedom u derbiju i kontrolom prvog<br \/>\nmesta u ABA ligi!<br \/>\nKao da smo u ponedeljak u Areni gledali reprizu polufinala kupa,<br \/>\nsamo u ogledalu. Zvezda je povela u ranoj fazi me\u010da, ostvarila i<br \/>\nveliku prednost, ali je onda usledio pad, da ne ka\u017eemo sad ve\u0107<\/p>\n<p>\u201ekarakteristi\u010dan\u201c pad u igri tokom poslednjih petnaest minuta. Vrata<br \/>\nraja za crno-bele otvorio je Jam Madar odli\u010dnom sekvencom na<br \/>\nkraju tre\u0107e \u010detvrtine, a potpuni preokret vi\u0111en je u poslednjih deset<br \/>\nminuta. Partizan je na kraju imao priliku i da \u010dak vrati razliku iz prvog<br \/>\nme\u010da, ali uzev\u0161i u obzir da trenutno imaju poraz manje od crveno-<br \/>\nbelih, ne\u0107e previ\u0161e \u017ealiti za time.<br \/>\nO\u010dekuje nas, dakle, lud fini\u0161 sezone u preostalih pet kola, a tu su<br \/>\nnaravno i evropske obaveze, koje su u Partizanu ne\u0161to opse\u017enije<br \/>\nuzev\u0161i u obzir da su oni i dalje veoma u trci za \u010detvrtfinale Evrolige.<br \/>\nNjihov raspored je sve osim lakog, ali \u0161ansa svakako postoji, a da li<br \/>\nje \u0107e iskoristiti \u2013 samo je na njima! Zvezda, sa druge strane, mora<br \/>\nda na\u0111e na\u010dina da se kako psihi\u010dki, tako i ko\u0161arka\u0161ki vrati u ovu<br \/>\nsezonu, jer kola su ve\u0107 odavno na nizbrdici. Ima, naravno, jo\u0161 puno<br \/>\nda se igra&#8230;<br \/>\nU ostatku ABA pregleda, Budu\u0107nost je naknadno u\u010dvrstila svoju<br \/>\npoziciju na tre\u0107em mestu, dok je Cedevita neo\u010dekivano izgubila u<br \/>\nve\u0107 pre\u017ealjenom Zadru i tako propustila priliku da se pribli\u017ei<br \/>\nvode\u0107em dvojcu. Derbi se pobedom nad Splitom malo odlepio u<br \/>\nborbi za poslednje plej-of mesto, a u sli\u010dnoj poziciji su i Mega i<br \/>\nZadar, te se \u010dini da se kostur doigravanja polako, ali sigurno formira.<br \/>\nU borbi za opstanak, i dalje su najugro\u017eeniji Borac i MZT, a blagu<br \/>\nprednost ima tim iz \u0160umadije.<br \/>\nOsim ovoga, bavi\u0107emo se malo i ABA 2 sezonom koja je dogurala<br \/>\ndo F8 faze, i analizirati \u0161ta se i tu zbiva. Naravno, tu su i<br \/>\nneobavezne teme koje, ako komentari ne la\u017eu, (skoro) svi vi volite.<br \/>\nVidimo se opet u \u010detvrtak kad pri\u010damo o NBA!<\/p>","protected":false},"excerpt":{"rendered":"<p>Peti derbi, druga sre\u0107a za Partizan! Nakon \u0161to je crveno-belima pripao duel u kupu Radivoja Kora\u0107a, Partizan je povezao redove, ostvario neke velike EL pobede i sada i na najbolji mogu\u0107i na\u010din iskoristio minus fazu Zvezde \u2013 pobedom u derbiju i kontrolom prvog mesta u ABA ligi! Kao da smo u ponedeljak u Areni gledali&#8230;<\/p>","protected":false},"author":3,"featured_media":25637,"comment_status":"open","ping_status":"closed","sticky":false,"template":"","format":"audio","meta":{"footnotes":""},"categories":[203],"tags":[],"class_list":["post-68712","post","type-post","status-publish","format-audio","has-post-thumbnail","hentry","category-sesta-licna","post_format-post-format-audio"],"_links":{"self":[{"href":"https:\/\/podcast.rs\/en\/wp-json\/wp\/v2\/posts\/68712","targetHints":{"allow":["GET"]}}],"collection":[{"href":"https:\/\/podcast.rs\/en\/wp-json\/wp\/v2\/posts"}],"about":[{"href":"https:\/\/podcast.rs\/en\/wp-json\/wp\/v2\/types\/post"}],"author":[{"embeddable":true,"href":"https:\/\/podcast.rs\/en\/wp-json\/wp\/v2\/users\/3"}],"replies":[{"embeddable":true,"href":"https:\/\/podcast.rs\/en\/wp-json\/wp\/v2\/comments?post=68712"}],"version-history":[{"count":1,"href":"https:\/\/podcast.rs\/en\/wp-json\/wp\/v2\/posts\/68712\/revisions"}],"predecessor-version":[{"id":68713,"href":"https:\/\/podcast.rs\/en\/wp-json\/wp\/v2\/posts\/68712\/revisions\/68713"}],"wp:featuredmedia":[{"embeddable":true,"href":"https:\/\/podcast.rs\/en\/wp-json\/wp\/v2\/media\/25637"}],"wp:attachment":[{"href":"https:\/\/podcast.rs\/en\/wp-json\/wp\/v2\/media?parent=68712"}],"wp:term":[{"taxonomy":"category","embeddable":true,"href":"https:\/\/podcast.rs\/en\/wp-json\/wp\/v2\/categories?post=68712"},{"taxonomy":"post_tag","embeddable":true,"href":"https:\/\/podcast.rs\/en\/wp-json\/wp\/v2\/tags?post=68712"}],"curies":[{"name":"wp","href":"https:\/\/api.w.org\/{rel}","templated":true}]}}