{"id":68671,"date":"2023-03-13T17:30:25","date_gmt":"2023-03-13T16:30:25","guid":{"rendered":"https:\/\/podcast.rs\/?p=68671"},"modified":"2023-03-13T20:23:52","modified_gmt":"2023-03-13T18:23:52","slug":"dvadeset-godina-od-ubistva-zorana-djindjica","status":"publish","type":"post","link":"https:\/\/podcast.rs\/en\/dvadeset-godina-od-ubistva-zorana-djindjica\/","title":{"rendered":"Dvadeset godina od ubistva Zorana \u0110in\u0111i\u0107a"},"content":{"rendered":"<p>      12. marta 2003. godine ubijen je prvi demokratski izabran premijer Srbije Zoran \u0110in\u0111i\u0107. Kako je obele\u017eena ta godi\u0161njica? Gde se Srbija danas nalazi? Koje su glavne politi\u010dke zasluge \u0110in\u0111i\u0107a i \u0161ta je sve ostvareno od njegovog politi\u010dkog programa? Kome je najvi\u0161e bilo u intereseu da se on zauvek ukloni iz srpske politike? O tome u ovom podkastu razgovaramo sa na\u0161im beogradskim saradnikom Aleksandrom Timofejevim i predsednikom Gra\u0111anskog demokratskog foruma (GDF) Zoranom Vuleti\u0107em.<\/p>","protected":false},"excerpt":{"rendered":"<p>12. marta 2003. godine ubijen je prvi demokratski izabran premijer Srbije Zoran \u0110in\u0111i\u0107. Kako je obele\u017eena ta godi\u0161njica? Gde se Srbija danas nalazi? Koje su glavne politi\u010dke zasluge \u0110in\u0111i\u0107a i \u0161ta je sve ostvareno od njegovog politi\u010dkog programa? Kome je najvi\u0161e bilo u intereseu da se on zauvek ukloni iz srpske politike? O tome u&#8230;<\/p>","protected":false},"author":3,"featured_media":48737,"comment_status":"close","ping_status":"closed","sticky":false,"template":"","format":"audio","meta":{"footnotes":""},"categories":[183],"tags":[],"class_list":["post-68671","post","type-post","status-publish","format-audio","has-post-thumbnail","hentry","category-cosmo","post_format-post-format-audio"],"_links":{"self":[{"href":"https:\/\/podcast.rs\/en\/wp-json\/wp\/v2\/posts\/68671","targetHints":{"allow":["GET"]}}],"collection":[{"href":"https:\/\/podcast.rs\/en\/wp-json\/wp\/v2\/posts"}],"about":[{"href":"https:\/\/podcast.rs\/en\/wp-json\/wp\/v2\/types\/post"}],"author":[{"embeddable":true,"href":"https:\/\/podcast.rs\/en\/wp-json\/wp\/v2\/users\/3"}],"replies":[{"embeddable":true,"href":"https:\/\/podcast.rs\/en\/wp-json\/wp\/v2\/comments?post=68671"}],"version-history":[{"count":1,"href":"https:\/\/podcast.rs\/en\/wp-json\/wp\/v2\/posts\/68671\/revisions"}],"predecessor-version":[{"id":68672,"href":"https:\/\/podcast.rs\/en\/wp-json\/wp\/v2\/posts\/68671\/revisions\/68672"}],"wp:featuredmedia":[{"embeddable":true,"href":"https:\/\/podcast.rs\/en\/wp-json\/wp\/v2\/media\/48737"}],"wp:attachment":[{"href":"https:\/\/podcast.rs\/en\/wp-json\/wp\/v2\/media?parent=68671"}],"wp:term":[{"taxonomy":"category","embeddable":true,"href":"https:\/\/podcast.rs\/en\/wp-json\/wp\/v2\/categories?post=68671"},{"taxonomy":"post_tag","embeddable":true,"href":"https:\/\/podcast.rs\/en\/wp-json\/wp\/v2\/tags?post=68671"}],"curies":[{"name":"wp","href":"https:\/\/api.w.org\/{rel}","templated":true}]}}