{"id":686067,"date":"2026-04-30T20:00:01","date_gmt":"2026-04-30T18:00:01","guid":{"rendered":"https:\/\/podcast.rs\/?p=686067"},"modified":"2026-04-30T20:35:20","modified_gmt":"2026-04-30T18:35:20","slug":"raskid-da-li-da-odem-ili-ne-pricaj-mi-o-ljubavi-e01-iva-brankovic","status":"publish","type":"post","link":"https:\/\/podcast.rs\/en\/raskid-da-li-da-odem-ili-ne-pricaj-mi-o-ljubavi-e01-iva-brankovic\/","title":{"rendered":"Raskid: Da li da odem ili ne? Pri\u010daj mi o ljubavi E01 &#8211; Iva Brankovi\u0107"},"content":{"rendered":"<p>Ve\u010dera\u0161njom epizodom otvaramo novo poglavlje \u2013 serijal \u201ePri\u010daj mi o ljubavi\u201c. \u017delimo da istra\u017eimo razli\u010dite perspektive emotivnih odnosa, ali i da ogolimo na\u010dine na koje dru\u0161tvo, o\u010dekivanja i vaspitanje oblikuju na\u0161u intimu.Simboli\u010dno, kre\u0107emo \u2013 od kraja.Gostuje nam Iva Brankovi\u0107 (<a href=\"https:\/\/www.youtube.com\/@sinergija.centar\">\u202a@sinergija.centar\u202c<\/a> ) psihoterapeutkinja i docentkinja na FPN-u, sa kojom razgovaramo o raskidima i razvodima. Istra\u017eujemo:\u0160ta je kraj ozna\u010davao nekad, a kakvu te\u017einu nosi danas?Kako da znamo da je zaista gotovo i \u0161ta nas \u010deka \u201edan posle\u201c?\u0160ta je zapravo emotivna bezbednost?Za\u0161to nam se neko odjednom zgadi zbog sitnice (\u010duveni the ick) i \u0161ta nam taj ose\u0107aj poru\u010duje?I ono najva\u017enije za mnoge od nas\u2013 za\u0161to se toliko pla\u0161imo samo\u0107e?Ovaj serijal gradimo zajedno sa vama. Hvala vam \u0161to ste popunjavale ankete i upitnike; va\u0161i odgovori su nam pomogli da postavimo pitanja koja se \u010desto pla\u0161imo da izgovorimo naglas.<\/p>","protected":false},"excerpt":{"rendered":"<p>Ve\u010dera\u0161njom epizodom otvaramo novo poglavlje \u2013 serijal \u201ePri\u010daj mi o ljubavi\u201c. \u017delimo da istra\u017eimo razli\u010dite perspektive emotivnih odnosa, ali i da ogolimo na\u010dine na koje dru\u0161tvo, o\u010dekivanja i vaspitanje oblikuju na\u0161u intimu.Simboli\u010dno, kre\u0107emo \u2013 od kraja.Gostuje nam Iva Brankovi\u0107 (\u202a@sinergija.centar\u202c ) psihoterapeutkinja i docentkinja na FPN-u, sa kojom razgovaramo o raskidima i razvodima. Istra\u017eujemo:\u0160ta je&#8230;<\/p>","protected":false},"author":3,"featured_media":102139,"comment_status":"close","ping_status":"closed","sticky":false,"template":"","format":"audio","meta":{"footnotes":""},"categories":[460],"tags":[],"class_list":["post-686067","post","type-post","status-publish","format-audio","has-post-thumbnail","hentry","category-tampon-zona","post_format-post-format-audio"],"_links":{"self":[{"href":"https:\/\/podcast.rs\/en\/wp-json\/wp\/v2\/posts\/686067","targetHints":{"allow":["GET"]}}],"collection":[{"href":"https:\/\/podcast.rs\/en\/wp-json\/wp\/v2\/posts"}],"about":[{"href":"https:\/\/podcast.rs\/en\/wp-json\/wp\/v2\/types\/post"}],"author":[{"embeddable":true,"href":"https:\/\/podcast.rs\/en\/wp-json\/wp\/v2\/users\/3"}],"replies":[{"embeddable":true,"href":"https:\/\/podcast.rs\/en\/wp-json\/wp\/v2\/comments?post=686067"}],"version-history":[{"count":1,"href":"https:\/\/podcast.rs\/en\/wp-json\/wp\/v2\/posts\/686067\/revisions"}],"predecessor-version":[{"id":686068,"href":"https:\/\/podcast.rs\/en\/wp-json\/wp\/v2\/posts\/686067\/revisions\/686068"}],"wp:featuredmedia":[{"embeddable":true,"href":"https:\/\/podcast.rs\/en\/wp-json\/wp\/v2\/media\/102139"}],"wp:attachment":[{"href":"https:\/\/podcast.rs\/en\/wp-json\/wp\/v2\/media?parent=686067"}],"wp:term":[{"taxonomy":"category","embeddable":true,"href":"https:\/\/podcast.rs\/en\/wp-json\/wp\/v2\/categories?post=686067"},{"taxonomy":"post_tag","embeddable":true,"href":"https:\/\/podcast.rs\/en\/wp-json\/wp\/v2\/tags?post=686067"}],"curies":[{"name":"wp","href":"https:\/\/api.w.org\/{rel}","templated":true}]}}