{"id":686065,"date":"2026-04-30T19:00:00","date_gmt":"2026-04-30T17:00:00","guid":{"rendered":"https:\/\/podcast.rs\/?p=686065"},"modified":"2026-04-30T19:04:42","modified_gmt":"2026-04-30T17:04:42","slug":"143-teorije-zavere","status":"publish","type":"post","link":"https:\/\/podcast.rs\/en\/143-teorije-zavere\/","title":{"rendered":"143 &#8211; Teorije zavere"},"content":{"rendered":"<p>Dva i po psihijatra webshop \ud83d\udc49 <a target=\"_blank\" rel=\"noopener noreferrer nofollow\" href=\"https:\/\/podmedia.rs\/dva-i-po-psihijatra\/\">https:\/\/podmedia.rs\/dva-i-po-psihijatra\/<\/a> <em>A je l\u2019 veruje\u0161 da u radiju \u017eive mali ljudi?<\/em> Ovaj citat Mike Anti\u0107a mo\u017eda li\u010di na teoriju zavere, neku detinju, mada je ipak ilustracija mogu\u0107nosti ljudske ma\u0161te. A mo\u017eda se teorije zavere i obi\u010dno &#8211; neobi\u010dna ma\u0161ta negde i dodiruju? U \u010demu je razlika? \u0160ta je svet ma\u0161te a \u0161ta svet teorija zavere? Za\u0161to nas najvi\u0161e privla\u010de upravo one pri\u010de koje nas li\u010dno doti\u010du? Kako se od sumnje dolazi do uverenja, a od pojedina\u010dne ideje do \u010ditavog sistema verovanja koji se \u0161iri br\u017ee nego \u010dinjenice? Gde je granica izme\u0111u zdrave radoznalosti i potrebe da svet objasnimo po svaku cenu, \u010dak i kada za to nemamo dokaze? Postoji li veza izme\u0111u inteligencije, obrazovanja i verovanja u teorije zavere? Verujete li da HAARP upravlja vremenom? U kemitrejlse? Kontrolu uma i tajne eksperimente? Da li su vakcine stvarno sredstvo kontrole? Da li je bilo sletanja na Mesec? Postoje li vanzemaljci? Pri\u010de o skrivenom poreklu, o istoriji koja je \u201cnamerno ispisana pogre\u0161no\u201d, imaju posebnu te\u017einu jer ne govore samo o pro\u0161losti, ve\u0107 o tome ko smo danas. Kada se \u010dinjenice sudare sa potrebom za ponosom, nastaje prostor u kome teorije zavere lako pu\u0161taju koren. Zanimljivo je da se u toj istoj matrici pojavljuju i globalne teme, samo prevedene na lokalni jezik. Kada se govori o \u201czabranjenim izumima\u201d, ime Nikola Tesla gotovo da dolazi samo od sebe, kao simbol ne samo genijalnosti, ve\u0107 i ideje da je ne\u0161to veliko sakriveno od sveta. Postoji ne\u0161to gotovo neodoljivo u pri\u010dama koje obe\u0107avaju da iza svakodnevice postoji skriveni plan, neka logika koju drugi ne vide, ali <em>mi<\/em> naslu\u0107ujemo. Upravo tu pukotinu izme\u0111u nesigurnosti i potrebe za smislom otvara ova epizoda u kojoj psihijatar Roberto Gruji\u010di\u0107 i psiholo\u0161kinja Marija Petrovi\u0107 razgovaraju o teorijama zavere kao o ozbiljnom psiholo\u0161kom fenomenu koji govori mnogo o nama samima. Razgovor otvara psiholo\u0161ku perspektivu &#8211; potrebu za kontrolom u haoti\u010dnim vremenima, ose\u0107aj pripadnosti grupi koja \u201czna vi\u0161e\u201d, kao i na\u010din na koji emocije \u010desto nadja\u010davaju racionalno rasu\u0111ivanje. Istovremeno vra\u0107a pri\u010du u \u0161iri kontekst mentalnog zdravlja, pokazuju\u0107i kako se ove ideje ukorenjuju i za\u0161to ih nije lako napustiti. Ovo je razgovor o mehanizmima koji su svima nama dostupni, na\u010dinu na koji donosimo zaklju\u010dke, o tome kako poverenje gradimo i kako ga gubimo. Jer u svetu preplavljenom informacijama, pitanje vi\u0161e nije samo \u0161ta je istina, ve\u0107 za\u0161to smo spremni da poverujemo ba\u0161 u odre\u0111enu verziju stvarnosti. Ali ipak, mi i dalje verujemo da u radiju \u017eive mali ljudi, jer negujemo to dete u sebi koje nikada ne\u0107e prestati da ma\u0161ta. <em>U prostoru brige, bliskosti i odgovornosti prema najmla\u0111ima nastaje i kampanja Rosa &#8222;Deca menjaju sve(t)\u201d, koja podse\u0107a na jednostavnu, ali duboku istinu: Deca menjaju nas, a mi, menjaju\u0107i sebe zbog njih, menjamo i svet oko sebe. Kroz inicijativu &#8222;5 godina za 5 de\u010djih klinika\u201d, od svake prodate Rosa boce od 1.5 litara izdvaja se 1 dinar za podr\u0161ku de\u010djim klinikama \u0161irom Srbije. Tokom 2026. godine sredstva su namenjena Univerzitetskoj de\u010djoj klinici Tir\u0161ova<\/em> <em>\ud83c\udf3f Prijatelj podkasta Rosa &#8211; Deca menjaju sve(t): <\/em><a target=\"_blank\" rel=\"noopener noreferrer nofollow\" href=\"https:\/\/www.coca-cola.com\/rs\/sr\/offerings\/deca-menjaju-svet*\"><em>https:\/\/www.coca-cola.com\/rs\/sr\/offerings\/deca-menjaju-svet<\/em><\/a><\/p>","protected":false},"excerpt":{"rendered":"<p>Dva i po psihijatra webshop \ud83d\udc49 https:\/\/podmedia.rs\/dva-i-po-psihijatra\/ A je l\u2019 veruje\u0161 da u radiju \u017eive mali ljudi? Ovaj citat Mike Anti\u0107a mo\u017eda li\u010di na teoriju zavere, neku detinju, mada je ipak ilustracija mogu\u0107nosti ljudske ma\u0161te. A mo\u017eda se teorije zavere i obi\u010dno &#8211; neobi\u010dna ma\u0161ta negde i dodiruju? U \u010demu je razlika? \u0160ta je svet&#8230;<\/p>","protected":false},"author":3,"featured_media":67456,"comment_status":"close","ping_status":"closed","sticky":false,"template":"","format":"audio","meta":{"footnotes":""},"categories":[493],"tags":[],"class_list":["post-686065","post","type-post","status-publish","format-audio","has-post-thumbnail","hentry","category-dva-i-po-psihijatra","post_format-post-format-audio"],"_links":{"self":[{"href":"https:\/\/podcast.rs\/en\/wp-json\/wp\/v2\/posts\/686065","targetHints":{"allow":["GET"]}}],"collection":[{"href":"https:\/\/podcast.rs\/en\/wp-json\/wp\/v2\/posts"}],"about":[{"href":"https:\/\/podcast.rs\/en\/wp-json\/wp\/v2\/types\/post"}],"author":[{"embeddable":true,"href":"https:\/\/podcast.rs\/en\/wp-json\/wp\/v2\/users\/3"}],"replies":[{"embeddable":true,"href":"https:\/\/podcast.rs\/en\/wp-json\/wp\/v2\/comments?post=686065"}],"version-history":[{"count":1,"href":"https:\/\/podcast.rs\/en\/wp-json\/wp\/v2\/posts\/686065\/revisions"}],"predecessor-version":[{"id":686066,"href":"https:\/\/podcast.rs\/en\/wp-json\/wp\/v2\/posts\/686065\/revisions\/686066"}],"wp:featuredmedia":[{"embeddable":true,"href":"https:\/\/podcast.rs\/en\/wp-json\/wp\/v2\/media\/67456"}],"wp:attachment":[{"href":"https:\/\/podcast.rs\/en\/wp-json\/wp\/v2\/media?parent=686065"}],"wp:term":[{"taxonomy":"category","embeddable":true,"href":"https:\/\/podcast.rs\/en\/wp-json\/wp\/v2\/categories?post=686065"},{"taxonomy":"post_tag","embeddable":true,"href":"https:\/\/podcast.rs\/en\/wp-json\/wp\/v2\/tags?post=686065"}],"curies":[{"name":"wp","href":"https:\/\/api.w.org\/{rel}","templated":true}]}}