{"id":686063,"date":"2026-04-30T10:59:00","date_gmt":"2026-04-30T08:59:00","guid":{"rendered":"https:\/\/podcast.rs\/?p=686063"},"modified":"2026-04-30T11:04:16","modified_gmt":"2026-04-30T09:04:16","slug":"mladosti-pomislis-li-ikada-na-starost","status":"publish","type":"post","link":"https:\/\/podcast.rs\/en\/mladosti-pomislis-li-ikada-na-starost\/","title":{"rendered":"Mladosti, pomisli\u0161 li ikada na starost?"},"content":{"rendered":"<p>Jeste li se ikada pitali kako \u0107e vam izgledati starost, ili ste jo\u0161 uvek puni arogancije da \u0107ete<br \/>mladala\u010dki \u017eiveti ve\u010dno?<\/p>\n<p>Odgovor na ovo pitanje le\u017ei u\u00a0 predstavama koje su radili <strong>Lazar Jovanov i Branka Baji\u0107<\/strong> kroz projekat &#8222;Karavan solidarnosti: Me\u0111ugeneracijsko putovanje za prava starijih osoba&#8220;.\u00a0<\/p>\n<p>Predstave se zovu: &#8222;Ne zaboravi me&#8220; i &#8222;\u010cekaju\u0107i ki\u0161u&#8220; i okupile su neke od na\u0161ih najstarijih sugra\u0111ana, zatim ljude \u010diji roditelji prolaze kroz demenciju i mlade: srednjo\u0161kolce i studente koje je ova tema interesovala.\u00a0<\/p>\n<p>Proizvod su dve pozori\u0161ne predstave koje \u0161alju sna\u017ene poruke o samo\u0107i, izolovanosti, nasilju i demenciji u tre\u0107em dobu.\u00a0<\/p>\n<p>Ova epizoda Radio grafita posve\u0107ena je teatru zajednice i svim blagodetima koje je podario destinama ljudi koje su u njemu u\u010destvovali.\u00a0<\/p>","protected":false},"excerpt":{"rendered":"<p>Jeste li se ikada pitali kako \u0107e vam izgledati starost, ili ste jo\u0161 uvek puni arogancije da \u0107etemladala\u010dki \u017eiveti ve\u010dno? Odgovor na ovo pitanje le\u017ei u\u00a0 predstavama koje su radili Lazar Jovanov i Branka Baji\u0107 kroz projekat &#8222;Karavan solidarnosti: Me\u0111ugeneracijsko putovanje za prava starijih osoba&#8220;.\u00a0 Predstave se zovu: &#8222;Ne zaboravi me&#8220; i &#8222;\u010cekaju\u0107i ki\u0161u&#8220; i&#8230;<\/p>","protected":false},"author":3,"featured_media":67390,"comment_status":"close","ping_status":"closed","sticky":false,"template":"","format":"audio","meta":{"footnotes":""},"categories":[491],"tags":[],"class_list":["post-686063","post","type-post","status-publish","format-audio","has-post-thumbnail","hentry","category-radio-grafiti","post_format-post-format-audio"],"_links":{"self":[{"href":"https:\/\/podcast.rs\/en\/wp-json\/wp\/v2\/posts\/686063","targetHints":{"allow":["GET"]}}],"collection":[{"href":"https:\/\/podcast.rs\/en\/wp-json\/wp\/v2\/posts"}],"about":[{"href":"https:\/\/podcast.rs\/en\/wp-json\/wp\/v2\/types\/post"}],"author":[{"embeddable":true,"href":"https:\/\/podcast.rs\/en\/wp-json\/wp\/v2\/users\/3"}],"replies":[{"embeddable":true,"href":"https:\/\/podcast.rs\/en\/wp-json\/wp\/v2\/comments?post=686063"}],"version-history":[{"count":1,"href":"https:\/\/podcast.rs\/en\/wp-json\/wp\/v2\/posts\/686063\/revisions"}],"predecessor-version":[{"id":686064,"href":"https:\/\/podcast.rs\/en\/wp-json\/wp\/v2\/posts\/686063\/revisions\/686064"}],"wp:featuredmedia":[{"embeddable":true,"href":"https:\/\/podcast.rs\/en\/wp-json\/wp\/v2\/media\/67390"}],"wp:attachment":[{"href":"https:\/\/podcast.rs\/en\/wp-json\/wp\/v2\/media?parent=686063"}],"wp:term":[{"taxonomy":"category","embeddable":true,"href":"https:\/\/podcast.rs\/en\/wp-json\/wp\/v2\/categories?post=686063"},{"taxonomy":"post_tag","embeddable":true,"href":"https:\/\/podcast.rs\/en\/wp-json\/wp\/v2\/tags?post=686063"}],"curies":[{"name":"wp","href":"https:\/\/api.w.org\/{rel}","templated":true}]}}