{"id":686031,"date":"2026-04-29T06:26:00","date_gmt":"2026-04-29T04:26:00","guid":{"rendered":"https:\/\/podcast.rs\/?p=686031"},"modified":"2026-04-29T07:04:18","modified_gmt":"2026-04-29T05:04:18","slug":"instruktor-sloba-rade-svaler-i-jos-jedan-za-volanom-podkast-s05-ep02","status":"publish","type":"post","link":"https:\/\/podcast.rs\/en\/instruktor-sloba-rade-svaler-i-jos-jedan-za-volanom-podkast-s05-ep02\/","title":{"rendered":"Instruktor Sloba, Rade \u0160valer i jo\u0161 jedan &#8211; Za volanom podkast, S05 EP02"},"content":{"rendered":"<p>Sima je dve decenije proveo kao voza\u010d gradskog autobusa, a poslednje \u010detiri godine vozi \u0161kolski mini-bus. Deli dragocene informacije za one koji \u017eele da se bave ovim poslom: lekarski pregledi, kategorije dozvole, dodatni uslovi, organizacija rada.\u00a0<\/p>\n<p>Ka\u017ee da se u gradskom prevozu nekada manje radilo i bilo veselije, a danas se ne po\u0161tuje ni radno vreme ni zakon. Prise\u0107a se saveta koje mu je dao prvi instruktor Sloba, kako je pobedio na takmi\u010denju voza\u010da u Beogradu i predstavljao nas u Finskoj.\u00a0<\/p>\n<p>I posle 24 godine, jo\u0161 ne zna \u0161ta \u0107e biti kad poraste.\u00a0<\/p>\n<p>(00:00) Uvod<\/p>\n<p>(02:02) Kako postati voza\u010d \u0161kolskog autobusa<br \/>(04:04) Manjak voza\u010da autobusa i prekovremeni rad<br \/>(07:43) Prvi dan za volanom gradskog autobusa<\/p>\n<p>(10:18) Saveti instruktora za voza\u010de autobusa<br \/>(13:18) Takmi\u010denje za voza\u010de autobusa<\/p>\n<p>\u00a0<\/p>\n<p><strong>Podeli i ti svoju pri\u010du za volanom! Prijavi se na PlutonLogistics:<\/strong>\u00a0<a href=\"https:\/\/www.youtube.com\/redirect?event=video_description&amp;redir_token=QUFFLUhqbUlTMDd2OEdkLVVHVUUzRG9MOFhlVUhFX05IQXxBQ3Jtc0ttTHJIbXFOdmpoRlVlR0ZvS3l5MHp6TVJHUm92d2QwUi1hRkdiWU1ZVkRRVW5XQmNITlFweHV1M1FnUzJyZlJxWjhyRjVMLTE0WTVXU0s0SmM4UGY1TmpmSV9xZk1GUDM1dkM5NkpyTTdjUEFZd2ZLOA&amp;q=https%3A%2F%2Fbit.ly%2F438gOtz&amp;v=rgOsvD2IJPw\" target=\"_blank\">https:\/\/bit.ly\/438gOtz<\/a><\/p>\n<p>\u00a0<\/p>\n<p>Za volanom podkast omogu\u0107ila Iveco komercijalna vozila.\u00a0<\/p>\n<p>Pridru\u017eite se IVECO Drivers Club \u2013 ekskluzivnoj onlajn zajednici za profesionalne voza\u010de i zaljubljenike u kamione!<\/p>\n<p>\u00a0<\/p>\n<p>Youtube:\u00a0<a href=\"https:\/\/m.youtube.com\/@iveco\" target=\"_blank\">\u202a@iveco<\/a>\u00a0<\/p>\n<p>Instagram:\u00a0<a href=\"https:\/\/www.instagram.com\/ivecodriversclub\/\">@ivecodriversclub<\/a><\/p>\n<p>Facebook:\u00a0<a href=\"https:\/\/www.facebook.com\/groups\/ivecodriversclub\/\">@ivecodriversclub<\/a><\/p>\n<p>\u00a0<\/p>\n<p>Pratite nas i dobijajte obave\u0161tenja o novim pri\u010dama voza\u010da kamiona:\u00a0<\/p>\n<p>Spotify:\u00a0<a href=\"https:\/\/www.youtube.com\/redirect?event=video_description&amp;redir_token=QUFFLUhqa3gzWFpPdTRISC1UVU1nMzljem5hNko3VWlxd3xBQ3Jtc0trSTdLcy1XUTRrUjUyTFExdFA2OUUxV0pXc0ZEYXdleDBLN1FyZ3IzN3FkYzJrVnM1SmZiVXB3ZEJmNkFfcXVld0MxMExLQVdGMldiRjh3VVhfYlJMZ2stUkJkNVNuZFJqaTVuZWZZTTB1STNJenNzSQ&amp;q=https%3A%2F%2Fspoti.fi%2F3KhlQLy&amp;v=rgOsvD2IJPw\" target=\"_blank\">https:\/\/spoti.fi\/3KhlQLy<\/a><\/p>\n<p>Apple Podcast:\u00a0<a href=\"https:\/\/www.youtube.com\/redirect?event=video_description&amp;redir_token=QUFFLUhqbU1ScFMwS2k0emVCUVgwMDllNlhjNnhqeFJVQXxBQ3Jtc0tud1ZWMWR3OVFqMjhsY21EbUtvVnhzdDc4am50OUIxaGV2QW5iQ0x5Z09ISVdUUTY3bkJmaURlOEJfZTRaeTNmNUoxN29nMGZOUDZSVjBoZzBMSU1WLTBVX0RobVV5eXc2OE9OeG5CcV9WeGMyM0Zrbw&amp;q=https%3A%2F%2Fapple.co%2F3MpIeoJ&amp;v=rgOsvD2IJPw\" target=\"_blank\">https:\/\/apple.co\/3MpIeoJ<\/a><\/p>\n<p>Podcast.rs:\u00a0<a href=\"https:\/\/www.youtube.com\/redirect?event=video_description&amp;redir_token=QUFFLUhqbTJLRl9Ua1hJYnZ4UzJXbF81aE5RYno0MU52Z3xBQ3Jtc0tsUDFOcWM1YWlCZmsxTXQ4cFg2eGYyWWh0M0piUWNoNEhaVGpXN2tPSHNIY3IzYlpHVUtUZVRsRFlDdkkzMmhWY0tzU0lJVUpwMTYwSUdpZmhsMWx1TkhTdm9VR1NHTnMyY3RlWVUtTXktOWVhMFd4MA&amp;q=https%3A%2F%2Fbit.ly%2F3zDuL51&amp;v=rgOsvD2IJPw\" target=\"_blank\">https:\/\/bit.ly\/3zDuL51<\/a><\/p>\n<p>\u00a0<\/p>","protected":false},"excerpt":{"rendered":"<p>Sima je dve decenije proveo kao voza\u010d gradskog autobusa, a poslednje \u010detiri godine vozi \u0161kolski mini-bus. Deli dragocene informacije za one koji \u017eele da se bave ovim poslom: lekarski pregledi, kategorije dozvole, dodatni uslovi, organizacija rada.\u00a0 Ka\u017ee da se u gradskom prevozu nekada manje radilo i bilo veselije, a danas se ne po\u0161tuje ni radno&#8230;<\/p>","protected":false},"author":3,"featured_media":53537,"comment_status":"close","ping_status":"closed","sticky":false,"template":"","format":"audio","meta":{"footnotes":""},"categories":[421],"tags":[],"class_list":["post-686031","post","type-post","status-publish","format-audio","has-post-thumbnail","hentry","category-za-volanom-podkast","post_format-post-format-audio"],"_links":{"self":[{"href":"https:\/\/podcast.rs\/en\/wp-json\/wp\/v2\/posts\/686031","targetHints":{"allow":["GET"]}}],"collection":[{"href":"https:\/\/podcast.rs\/en\/wp-json\/wp\/v2\/posts"}],"about":[{"href":"https:\/\/podcast.rs\/en\/wp-json\/wp\/v2\/types\/post"}],"author":[{"embeddable":true,"href":"https:\/\/podcast.rs\/en\/wp-json\/wp\/v2\/users\/3"}],"replies":[{"embeddable":true,"href":"https:\/\/podcast.rs\/en\/wp-json\/wp\/v2\/comments?post=686031"}],"version-history":[{"count":1,"href":"https:\/\/podcast.rs\/en\/wp-json\/wp\/v2\/posts\/686031\/revisions"}],"predecessor-version":[{"id":686032,"href":"https:\/\/podcast.rs\/en\/wp-json\/wp\/v2\/posts\/686031\/revisions\/686032"}],"wp:featuredmedia":[{"embeddable":true,"href":"https:\/\/podcast.rs\/en\/wp-json\/wp\/v2\/media\/53537"}],"wp:attachment":[{"href":"https:\/\/podcast.rs\/en\/wp-json\/wp\/v2\/media?parent=686031"}],"wp:term":[{"taxonomy":"category","embeddable":true,"href":"https:\/\/podcast.rs\/en\/wp-json\/wp\/v2\/categories?post=686031"},{"taxonomy":"post_tag","embeddable":true,"href":"https:\/\/podcast.rs\/en\/wp-json\/wp\/v2\/tags?post=686031"}],"curies":[{"name":"wp","href":"https:\/\/api.w.org\/{rel}","templated":true}]}}