{"id":685892,"date":"2026-04-26T15:00:00","date_gmt":"2026-04-26T13:00:00","guid":{"rendered":"https:\/\/podcast.rs\/78-u-raljama-autoritarnog-rezima-5-deo-nase-licne-i-kolektivne-traume\/"},"modified":"2026-04-26T15:00:00","modified_gmt":"2026-04-26T13:00:00","slug":"78-u-raljama-autoritarnog-rezima-5-deo-nase-licne-i-kolektivne-traume","status":"publish","type":"post","link":"https:\/\/podcast.rs\/en\/78-u-raljama-autoritarnog-rezima-5-deo-nase-licne-i-kolektivne-traume\/","title":{"rendered":"#78 U raljama autoritarnog re\u017eima 5.deo &#8211; Na\u0161e li\u010dne i kolektivne traume"},"content":{"rendered":"<p>U decembru 2026. smo na osmom ro\u0111endanu emisije razgovarali o tome kako nam je dok trpimo represiju i nasilje ovog re\u017eima, \u0161ta \u0107emo sa o\u017eiljcima koji ostaju i kako da probamo da se za\u0161titimo i budemo bolje.\u00a0<br \/>Tema je nikad aktuelnija, nedavni lokalni izbori su pokradeni uz pesnice i sekire, zastra\u0161ivanje i hap\u0161enje studenata se nastavlja, a krenuo je i otvoreni, nasilni\u010dki pohod na univerzitete i fakultete sa ciljem da se ugase, zajedno sa svakim poku\u0161ajem otpora.\u00a0<br \/>U ovom razgovoru probali smo da se razumemo, repariramo i damo nadu.\u00a0<br \/>U\u010desnici tribine bili su Aleksandar Baucal, Marko Toma\u0161evi\u0107, Sla\u0111ana \u0110or\u0111evi\u0107 i \u0110ur\u0111a Timotijevi\u0107.<\/p>","protected":false},"excerpt":{"rendered":"<p>U decembru 2026. smo na osmom ro\u0111endanu emisije razgovarali o tome kako nam je dok trpimo represiju i nasilje ovog re\u017eima, \u0161ta \u0107emo sa o\u017eiljcima koji ostaju i kako da probamo da se za\u0161titimo i budemo bolje.\u00a0Tema je nikad aktuelnija, nedavni lokalni izbori su pokradeni uz pesnice i sekire, zastra\u0161ivanje i hap\u0161enje studenata se nastavlja,&#8230;<\/p>","protected":false},"author":3,"featured_media":96184,"comment_status":"","ping_status":"closed","sticky":false,"template":"","format":"standard","meta":{"footnotes":""},"categories":[574],"tags":[],"class_list":["post-685892","post","type-post","status-publish","format-standard","has-post-thumbnail","hentry","category-u-raljama-osecanja"],"_links":{"self":[{"href":"https:\/\/podcast.rs\/en\/wp-json\/wp\/v2\/posts\/685892","targetHints":{"allow":["GET"]}}],"collection":[{"href":"https:\/\/podcast.rs\/en\/wp-json\/wp\/v2\/posts"}],"about":[{"href":"https:\/\/podcast.rs\/en\/wp-json\/wp\/v2\/types\/post"}],"author":[{"embeddable":true,"href":"https:\/\/podcast.rs\/en\/wp-json\/wp\/v2\/users\/3"}],"replies":[{"embeddable":true,"href":"https:\/\/podcast.rs\/en\/wp-json\/wp\/v2\/comments?post=685892"}],"version-history":[{"count":0,"href":"https:\/\/podcast.rs\/en\/wp-json\/wp\/v2\/posts\/685892\/revisions"}],"wp:featuredmedia":[{"embeddable":true,"href":"https:\/\/podcast.rs\/en\/wp-json\/wp\/v2\/media\/96184"}],"wp:attachment":[{"href":"https:\/\/podcast.rs\/en\/wp-json\/wp\/v2\/media?parent=685892"}],"wp:term":[{"taxonomy":"category","embeddable":true,"href":"https:\/\/podcast.rs\/en\/wp-json\/wp\/v2\/categories?post=685892"},{"taxonomy":"post_tag","embeddable":true,"href":"https:\/\/podcast.rs\/en\/wp-json\/wp\/v2\/tags?post=685892"}],"curies":[{"name":"wp","href":"https:\/\/api.w.org\/{rel}","templated":true}]}}