{"id":685889,"date":"2026-04-26T19:00:00","date_gmt":"2026-04-26T17:00:00","guid":{"rendered":"https:\/\/podcast.rs\/muhamed-bajramovic-kada-kazem-nekome-da-je-slika-1000-km-on-se-okrene-o-prostoru\/"},"modified":"2026-04-26T19:00:00","modified_gmt":"2026-04-26T17:00:00","slug":"muhamed-bajramovic-kada-kazem-nekome-da-je-slika-1000-km-on-se-okrene-o-prostoru","status":"publish","type":"post","link":"https:\/\/podcast.rs\/en\/muhamed-bajramovic-kada-kazem-nekome-da-je-slika-1000-km-on-se-okrene-o-prostoru\/","title":{"rendered":"Muhamed Bajramovi\u0107: Kada ka\u017eem nekome da je slika 1000 km on se okrene &#8211; O prostoru"},"content":{"rendered":"<p><a target=\"_blank\" href=\"https:\/\/www.buzzsprout.com\/2151425\/fan_mail\/new\">Send us Fan Mail<\/a><\/p>\n<p>U najnovijoj epizodi podcasta O prostoru, arhitekta Amir Vuk Zec ugostio je akademskog slikara Muhameda Bajramovi\u0107a, umjetnika \u010dije su stvarala\u0161tvo prepoznali brojni ugledni likovni kriti\u010dari. Muhamedovo stvaranje je samozatajno jer, kako Amir Vuk Zec re\u010de u podcastu, istinski vrijedne stvari nisu u \u017eivotu dostupne \u201ena izvolite\u201c.\u00a0 \u00a0<\/p>\n<p>Stvaraju\u0107i izvan glavnih tokova umjetni\u010dke promocije, iz svoje Zenice, Bajramovi\u0107 gradi opus koji po snazi izraza i dubini poruke pripada samom vrhu bosanskohercegova\u010dke likovne scene.\u00a0<\/p>\n<p>Odrastao u skromnim okolnostima, na meraji porodi\u010dnog imanja u Tetovu nadomak Zenice, u blizini rijeke Bosne, Bajramovi\u0107 je ve\u0107 u najranijim godinama primio klju\u010dne lekcije prostora kojem pripada. Taj prostor ga je oblikovao i odredio.\u00a0<\/p>\n<p>\u017divotni put Bajramovi\u0107a u mnogo \u010demu simbolizira i put Bosne, a posebno njegove Zenice. Odrastao u vremenu oskudice, ali i u bogatstvu porodi\u010dnih i kulturnih vrijednosti, formiran je me\u0111u tihim, dostojanstvenim ljudima koji su gradili socijalizam, a istovremeno \u010duvali vlastitu tradiciju. Upravo ta sredina bila je njegova prva i najva\u017enija \u0161kola.<\/p>\n<p>S ruksakom na le\u0111ima odlazi u Sarajevo, gdje upisuje Srednju \u0161kolu primijenjenih umjetnosti, instituciju koja je u to vrijeme imala gotovo akademski status. Tamo u\u010di od istaknutih profesora poput Mice Todorovi\u0107, Voje Dimitrijevi\u0107a, Arfana Hozi\u0107a, Rizaha \u0160teti\u0107a i Zdenka Grgi\u0107a, koji \u0107e ostaviti sna\u017ean trag u njegovom umjetni\u010dkom formiranju.<\/p>\n<p>Nakon \u0161kolovanja vra\u0107a se u rodni kraj, gdje zapo\u010dinje rad kao nastavnik, a potom nastavlja obrazovanje na Pedago\u0161kom fakultetu. Profesionalni put ga vodi i u gra\u0111evinsku firmu \u201eIzgradnja\u201c Zenica, u \u010dijim prostorijama 1983. godine organizuje svoju prvu samostalnu izlo\u017ebu, trenutak koji ozna\u010dava po\u010detak njegovog javnog umjetni\u010dkog djelovanja. Ubrzo slijede nagrade i u\u010de\u0161\u0107a na grupnim izlo\u017ebama.<\/p>\n<p>Kao pripadnik prve generacije diplomaca Akademije likovnih umjetnosti u Sarajevu, Bajramovi\u0107 dobija dodatni podstrek za dalji rad i anga\u017eman. Postaje jedan od osniva\u010da Likovne galerije u Zenici, pokreta\u010d inicijative za izgradnju Muzeja grada Zenice, \u010diji \u0107e kasnije biti i direktor, te jedan od za\u010detnika obnove s<\/p>\n<p><a rel=\"payment\" href=\"https:\/\/www.buzzsprout.com\/2151425\/support\">Support the show<\/a><\/p>\n<p>\u010citajte nas na: <a href='https:\/\/www.youtube.com\/redirect?event=video_description&amp;redir_token=QUFFLUhqbG1GOTJCYkg1aENERDhaYVQ1TFlRNGlQOFlMd3xBQ3Jtc0ttQUxLRmRtTXZsSm1mNjVaS0ZIVkt2d19fT1ZubGZkYzlSZk95T05YTUQ4RzlMWTFrTzBxaklMU3JMUzVpTGhWLXRRaUVpb29nOVFyd1J1UDM4WTBWNGVWSTRjeVI5Q0RvQ05qOUphQndLVV94RXF1RQ&amp;q=https%3A%2F%2Fwww.oslobodjenje.ba%2F&amp;v=ogUzzAgGjzE'>https:\/\/www.oslobodjenje.ba<\/a>\u00a0 \u00a0 FB :<a href='https:\/\/www.youtube.com\/redirect?event=video_description&amp;redir_token=QUFFLUhqa3VQQWdEWkQ5VlIyaXROWWpVeWxYUWNYR1ZEQXxBQ3Jtc0trTGx6UmQwTXdRLXRPNnowUGtBVmw3TzJ0QmtIb1B0ck1CT3hWU0V3a0JFOHVfMkJ1VDhTLXc4TUJXWDhWekU0UXQxYm1Va2wtM3dyQ1djTnU2djFtejBxcEg0QzJxTHhZNmpFejhCWWlRdE5YVFpwSQ&amp;q=https%3A%2F%2Fwww.facebook.com%2Foslobodjenjeba&amp;v=ogUzzAgGjzE'>https:\/\/www.facebook.com\/oslobodjenjeba<\/a>\u00a0 IG: <a href='https:\/\/www.youtube.com\/redirect?event=video_description&amp;redir_token=QUFFLUhqa1FsNjMtdmUtTS1vWUg5em5zaEpzOUdIOGhnd3xBQ3Jtc0ttdDB1SlRSVS1RTjRUZUtNODMxYnBJTnV2b0ItdjIzOEJCSVVpWXRIV1RSdmxPWC1DOFU3TVV4RmxNdW5nRkV6cE1ScXVjdTlvcDhYeEptNEszN1V1Q042eWpDOTZrTzk5ckQ1R2g3Nl9nWEt1OU5MWQ&amp;q=https%3A%2F%2Fwww.instagram.com%2Foslobodjenje.ba&amp;v=ogUzzAgGjzE'><a href=\"https:\/\/www.instagram.com\/oslobodjenj\" rel=\"nofollow\">https:\/\/www.instagram.com\/oslobodjenj<\/a>&#8230;<\/a>\u00a0 Twitter: <a href='https:\/\/www.youtube.com\/redirect?event=video_description&amp;redir_token=QUFFLUhqbVJvekE3SjJjbkVfT2xuR0ROekRPNVlfQ2EwZ3xBQ3Jtc0tsNDNVdW1ENDZqUHI3UW52S2NVU2VDcWxFLVJSczZjRnlfYjI1dHpfRERPcTJybkZJSThDME9rYVRUMk0zYnNMNFVJRktyNS0wTk9qaFVDQ2diLTBVMGl2RUxtZUFscGptYUxrbGF2X2NoRmsxdHVQOA&amp;q=https%3A%2F%2Ftwitter.com%2Foslobodjenjeba&amp;v=ogUzzAgGjzE'>&#8230;<\/a><\/p>","protected":false},"excerpt":{"rendered":"<p>Send us Fan Mail U najnovijoj epizodi podcasta O prostoru, arhitekta Amir Vuk Zec ugostio je akademskog slikara Muhameda Bajramovi\u0107a, umjetnika \u010dije su stvarala\u0161tvo prepoznali brojni ugledni likovni kriti\u010dari. Muhamedovo stvaranje je samozatajno jer, kako Amir Vuk Zec re\u010de u podcastu, istinski vrijedne stvari nisu u \u017eivotu dostupne \u201ena izvolite\u201c.\u00a0 \u00a0 Stvaraju\u0107i izvan glavnih tokova&#8230;<\/p>","protected":false},"author":4,"featured_media":111669,"comment_status":"","ping_status":"closed","sticky":false,"template":"","format":"standard","meta":{"footnotes":""},"categories":[610],"tags":[],"class_list":["post-685889","post","type-post","status-publish","format-standard","has-post-thumbnail","hentry","category-oslobodjenje-podcast"],"_links":{"self":[{"href":"https:\/\/podcast.rs\/en\/wp-json\/wp\/v2\/posts\/685889","targetHints":{"allow":["GET"]}}],"collection":[{"href":"https:\/\/podcast.rs\/en\/wp-json\/wp\/v2\/posts"}],"about":[{"href":"https:\/\/podcast.rs\/en\/wp-json\/wp\/v2\/types\/post"}],"author":[{"embeddable":true,"href":"https:\/\/podcast.rs\/en\/wp-json\/wp\/v2\/users\/4"}],"replies":[{"embeddable":true,"href":"https:\/\/podcast.rs\/en\/wp-json\/wp\/v2\/comments?post=685889"}],"version-history":[{"count":0,"href":"https:\/\/podcast.rs\/en\/wp-json\/wp\/v2\/posts\/685889\/revisions"}],"wp:featuredmedia":[{"embeddable":true,"href":"https:\/\/podcast.rs\/en\/wp-json\/wp\/v2\/media\/111669"}],"wp:attachment":[{"href":"https:\/\/podcast.rs\/en\/wp-json\/wp\/v2\/media?parent=685889"}],"wp:term":[{"taxonomy":"category","embeddable":true,"href":"https:\/\/podcast.rs\/en\/wp-json\/wp\/v2\/categories?post=685889"},{"taxonomy":"post_tag","embeddable":true,"href":"https:\/\/podcast.rs\/en\/wp-json\/wp\/v2\/tags?post=685889"}],"curies":[{"name":"wp","href":"https:\/\/api.w.org\/{rel}","templated":true}]}}