{"id":685888,"date":"2026-04-27T17:00:00","date_gmt":"2026-04-27T15:00:00","guid":{"rendered":"https:\/\/podcast.rs\/nedeljko-elek-sudska-presuda-je-zavjera-protiv-rs-a-direktno-sa-vildanom\/"},"modified":"2026-04-27T17:00:00","modified_gmt":"2026-04-27T15:00:00","slug":"nedeljko-elek-sudska-presuda-je-zavjera-protiv-rs-a-direktno-sa-vildanom","status":"publish","type":"post","link":"https:\/\/podcast.rs\/en\/nedeljko-elek-sudska-presuda-je-zavjera-protiv-rs-a-direktno-sa-vildanom\/","title":{"rendered":"Nedeljko Elek: Sudska presuda je zavjera protiv RS-a &#8211; Direktno sa Vildanom"},"content":{"rendered":"<p><a target=\"_blank\" href=\"https:\/\/www.buzzsprout.com\/2151425\/fan_mail\/new\">Send us Fan Mail<\/a><\/p>\n<p>Pred sami kraj sedmice, u Dubrovniku bi trebalo da bude potpisan me\u0111udr\u017eavni sporazum Bosne i Hercegovine s Republikom Hrvatskom o izgradnji gasovoda Ju\u017ena interkonekcija. Pri\u010du koja traje godinama i kojoj se i danas, istina uvijeno, suprotstavlja lider HDZ-a BiH Dragan \u010covi\u0107, ubrzala je nova ameri\u010dka administracija spremno\u0161\u0107u da investira u ovaj kapitalni projekat.\u00a0<br \/>Parlament Federacije je usvojio izmjene Zakona, Predsjedni\u0161tvo Bosne i Hercegovine jednoglasno dalo zeleno svjetlo, a Vije\u0107e ministara formiralo grupu za pregovore koji se privode kraju. Uz ministra vanjskih poslova na\u0161e zemlje Elmedina Konakovi\u0107a, u grupi su jo\u0161 dr\u017eavni ministar finansija Sr\u0111an Amid\u017ei\u0107 i \u010detiri federalna ministra, a<br \/>ministar Sta\u0161a Ko\u0161arac je delegirao Ljiljanu Lovri\u0107 uime ministarstva vanjske trgovine i ekonomskih odnosa Bosne i Hercegovine. Kad se ho\u0107e, sve se mo\u017ee.<br \/>S nama je u novoj epizodi podcasta Direktno sa Vildanom Selimbegovi\u0107 direktor Sarajevo-gasa iz Isto\u010dnog Sarajeva Nedeljko Elek.<\/p>\n<p>Kada po\u010dinju radovi na gasovodu? Ima li ubrzanje veze sa izborima? Otvara li Ju\u017ena interkonekcija i priliku da ameri\u010dki plin stigne i u Republiku Srpsku?\u00a0<\/p>\n<p><a rel=\"payment\" href=\"https:\/\/www.buzzsprout.com\/2151425\/support\">Support the show<\/a><\/p>\n<p>\u010citajte nas na: <a href='https:\/\/www.youtube.com\/redirect?event=video_description&amp;redir_token=QUFFLUhqbG1GOTJCYkg1aENERDhaYVQ1TFlRNGlQOFlMd3xBQ3Jtc0ttQUxLRmRtTXZsSm1mNjVaS0ZIVkt2d19fT1ZubGZkYzlSZk95T05YTUQ4RzlMWTFrTzBxaklMU3JMUzVpTGhWLXRRaUVpb29nOVFyd1J1UDM4WTBWNGVWSTRjeVI5Q0RvQ05qOUphQndLVV94RXF1RQ&amp;q=https%3A%2F%2Fwww.oslobodjenje.ba%2F&amp;v=ogUzzAgGjzE'>https:\/\/www.oslobodjenje.ba<\/a>\u00a0 \u00a0 FB :<a href='https:\/\/www.youtube.com\/redirect?event=video_description&amp;redir_token=QUFFLUhqa3VQQWdEWkQ5VlIyaXROWWpVeWxYUWNYR1ZEQXxBQ3Jtc0trTGx6UmQwTXdRLXRPNnowUGtBVmw3TzJ0QmtIb1B0ck1CT3hWU0V3a0JFOHVfMkJ1VDhTLXc4TUJXWDhWekU0UXQxYm1Va2wtM3dyQ1djTnU2djFtejBxcEg0QzJxTHhZNmpFejhCWWlRdE5YVFpwSQ&amp;q=https%3A%2F%2Fwww.facebook.com%2Foslobodjenjeba&amp;v=ogUzzAgGjzE'>https:\/\/www.facebook.com\/oslobodjenjeba<\/a>\u00a0 IG: <a href='https:\/\/www.youtube.com\/redirect?event=video_description&amp;redir_token=QUFFLUhqa1FsNjMtdmUtTS1vWUg5em5zaEpzOUdIOGhnd3xBQ3Jtc0ttdDB1SlRSVS1RTjRUZUtNODMxYnBJTnV2b0ItdjIzOEJCSVVpWXRIV1RSdmxPWC1DOFU3TVV4RmxNdW5nRkV6cE1ScXVjdTlvcDhYeEptNEszN1V1Q042eWpDOTZrTzk5ckQ1R2g3Nl9nWEt1OU5MWQ&amp;q=https%3A%2F%2Fwww.instagram.com%2Foslobodjenje.ba&amp;v=ogUzzAgGjzE'><a href=\"https:\/\/www.instagram.com\/oslobodjenj\" rel=\"nofollow\">https:\/\/www.instagram.com\/oslobodjenj<\/a>&#8230;<\/a>\u00a0 Twitter: <a href='https:\/\/www.youtube.com\/redirect?event=video_description&amp;redir_token=QUFFLUhqbVJvekE3SjJjbkVfT2xuR0ROekRPNVlfQ2EwZ3xBQ3Jtc0tsNDNVdW1ENDZqUHI3UW52S2NVU2VDcWxFLVJSczZjRnlfYjI1dHpfRERPcTJybkZJSThDME9rYVRUMk0zYnNMNFVJRktyNS0wTk9qaFVDQ2diLTBVMGl2RUxtZUFscGptYUxrbGF2X2NoRmsxdHVQOA&amp;q=https%3A%2F%2Ftwitter.com%2Foslobodjenjeba&amp;v=ogUzzAgGjzE'>&#8230;<\/a><\/p>","protected":false},"excerpt":{"rendered":"<p>Send us Fan Mail Pred sami kraj sedmice, u Dubrovniku bi trebalo da bude potpisan me\u0111udr\u017eavni sporazum Bosne i Hercegovine s Republikom Hrvatskom o izgradnji gasovoda Ju\u017ena interkonekcija. Pri\u010du koja traje godinama i kojoj se i danas, istina uvijeno, suprotstavlja lider HDZ-a BiH Dragan \u010covi\u0107, ubrzala je nova ameri\u010dka administracija spremno\u0161\u0107u da investira u ovaj&#8230;<\/p>","protected":false},"author":4,"featured_media":111669,"comment_status":"","ping_status":"closed","sticky":false,"template":"","format":"standard","meta":{"footnotes":""},"categories":[610],"tags":[],"class_list":["post-685888","post","type-post","status-publish","format-standard","has-post-thumbnail","hentry","category-oslobodjenje-podcast"],"_links":{"self":[{"href":"https:\/\/podcast.rs\/en\/wp-json\/wp\/v2\/posts\/685888","targetHints":{"allow":["GET"]}}],"collection":[{"href":"https:\/\/podcast.rs\/en\/wp-json\/wp\/v2\/posts"}],"about":[{"href":"https:\/\/podcast.rs\/en\/wp-json\/wp\/v2\/types\/post"}],"author":[{"embeddable":true,"href":"https:\/\/podcast.rs\/en\/wp-json\/wp\/v2\/users\/4"}],"replies":[{"embeddable":true,"href":"https:\/\/podcast.rs\/en\/wp-json\/wp\/v2\/comments?post=685888"}],"version-history":[{"count":0,"href":"https:\/\/podcast.rs\/en\/wp-json\/wp\/v2\/posts\/685888\/revisions"}],"wp:featuredmedia":[{"embeddable":true,"href":"https:\/\/podcast.rs\/en\/wp-json\/wp\/v2\/media\/111669"}],"wp:attachment":[{"href":"https:\/\/podcast.rs\/en\/wp-json\/wp\/v2\/media?parent=685888"}],"wp:term":[{"taxonomy":"category","embeddable":true,"href":"https:\/\/podcast.rs\/en\/wp-json\/wp\/v2\/categories?post=685888"},{"taxonomy":"post_tag","embeddable":true,"href":"https:\/\/podcast.rs\/en\/wp-json\/wp\/v2\/tags?post=685888"}],"curies":[{"name":"wp","href":"https:\/\/api.w.org\/{rel}","templated":true}]}}