{"id":685887,"date":"2026-04-27T19:00:00","date_gmt":"2026-04-27T17:00:00","guid":{"rendered":"https:\/\/podcast.rs\/alen-skoro-mislim-da-sam-bio-predodredjen-da-igram-samo-za-sarajevo-indirekt-dio-2\/"},"modified":"2026-04-27T19:00:00","modified_gmt":"2026-04-27T17:00:00","slug":"alen-skoro-mislim-da-sam-bio-predodredjen-da-igram-samo-za-sarajevo-indirekt-dio-2","status":"publish","type":"post","link":"https:\/\/podcast.rs\/en\/alen-skoro-mislim-da-sam-bio-predodredjen-da-igram-samo-za-sarajevo-indirekt-dio-2\/","title":{"rendered":"Alen \u0160koro: Mislim da sam bio predodre\u0111en da igram samo za Sarajevo &#8211; (IN)Direkt &#8211; DIO 2"},"content":{"rendered":"<p><a target=\"_blank\" href=\"https:\/\/www.buzzsprout.com\/2151425\/fan_mail\/new\">Send us Fan Mail<\/a><\/p>\n<p>Alen \u0160koro ljubimac navija\u010da FK Sarajevo, dugo godina bio je daleko od o\u010diju javnosti. Nakon zavr\u0161etka karijere dugo godina je bio u privatnom biznisu, a onda se u dva navrata anga\u017eovao u FK Sarajevo. Prvo kao sportski direktor, a potom kao \u0161ef Akademije.<\/p>\n<p>U prvom dijelu podcasta (IN)Direkt \u0160koro je govorio o svom fudbalskom odrastanju, izazovima kroz omladinski period, odnosu sa navija\u010dima, play-offu u kojem je izgubljena titula i ludilu koje je nastalo prilikom njegovog odlaska iz Sarajeva.<\/p>\n<p>Za\u0161to su odbijene ponude Werdera i Besiktasa, za\u0161to nije dobio ugovor u Sarajevu, za\u0161to je bio u Ljubljani pola godine bez papira i kako se sve rasplelo, za\u0161to se umivao kada je vidio George Weaha i da li je zaista Didier Drogba kriv \u0161to nije uspio u Marseilleu, neke su od tema o kojim smo razgovarali sa biv\u0161im napada\u010dem Sarajeva.<\/p>\n<p>U drugom dijelu podcasta, \u0160koro govori o svom fudbalskom putu i odlasku iz Marseillea, posudbe u Servettu i kona\u010dnoj odluci o raskidu ugovora u Francuskoj i prvom povratku na Ko\u0161evo. Ljudi koji su mu ugrozili karijeru nisu vi\u0161e bili u Sarajevu i uz dogovor sa legendarnim Predragom Pa\u0161i\u0107em odlu\u010dio se na povratak.<\/p>\n<p>Kako je sam rekao tokom razgovora, igranje u Sarajevu ga je \u010dinilo sretnim i smatrao je da je bio predodre\u0111en da igra samo u Sarajevu.<\/p>\n<p>Ipak, nakon \u0161to je bio u to vrijeme vrlo koristan za klub sa Ko\u0161eva, ponovo je &#8222;morao sre\u0107u tra\u017eiti&#8220; izvan BiH. Pored ponuda Dinama i Hajduka, odlu\u010dio je da karijeru nastavi u Austriji, u redovima GAK-a.<\/p>\n<p>Nakon tri godine u Austriji odlu\u010dio je da prihvati ponudu Rijeke, gdje ga je do\u010dekao aktuelni selektor Hrvatske Zlatko Dali\u0107. Nije uspio da doka\u017ee svoj puni potencijal zbog povreda. Kratka epizoda u Poljskoj brzo je bila zavr\u0161ena, a onda dolazi ponovni povratak u Sarajevo. Do\u017eivio je novu povredu, a ljekari su mu rekli da je to i kraj njegove karijere, sa 28. godina.<\/p>\n<p>Sjajnim igrama te jeseni vratio se sa Sarajevom u borbu za titulu prvaka. Ponudu koju ima iz Meksika odbija, jer je smatrao da bi to mogla biti ta sezona u kojoj \u0107e sa Sarajevom osvojiti titulu prvaka. Odbio je ponudu nadaju\u0107i se da mo\u017ee do trofeja, ali je prolje\u0107e bilo razo\u010daravaju\u0107e, a na kraju se<\/p>\n<p><a rel=\"payment\" href=\"https:\/\/www.buzzsprout.com\/2151425\/support\">Support the show<\/a><\/p>\n<p>\u010citajte nas na: <a href='https:\/\/www.youtube.com\/redirect?event=video_description&amp;redir_token=QUFFLUhqbG1GOTJCYkg1aENERDhaYVQ1TFlRNGlQOFlMd3xBQ3Jtc0ttQUxLRmRtTXZsSm1mNjVaS0ZIVkt2d19fT1ZubGZkYzlSZk95T05YTUQ4RzlMWTFrTzBxaklMU3JMUzVpTGhWLXRRaUVpb29nOVFyd1J1UDM4WTBWNGVWSTRjeVI5Q0RvQ05qOUphQndLVV94RXF1RQ&amp;q=https%3A%2F%2Fwww.oslobodjenje.ba%2F&amp;v=ogUzzAgGjzE'>https:\/\/www.oslobodjenje.ba<\/a>\u00a0 \u00a0 FB :<a href='https:\/\/www.youtube.com\/redirect?event=video_description&amp;redir_token=QUFFLUhqa3VQQWdEWkQ5VlIyaXROWWpVeWxYUWNYR1ZEQXxBQ3Jtc0trTGx6UmQwTXdRLXRPNnowUGtBVmw3TzJ0QmtIb1B0ck1CT3hWU0V3a0JFOHVfMkJ1VDhTLXc4TUJXWDhWekU0UXQxYm1Va2wtM3dyQ1djTnU2djFtejBxcEg0QzJxTHhZNmpFejhCWWlRdE5YVFpwSQ&amp;q=https%3A%2F%2Fwww.facebook.com%2Foslobodjenjeba&amp;v=ogUzzAgGjzE'>https:\/\/www.facebook.com\/oslobodjenjeba<\/a>\u00a0 IG: <a href='https:\/\/www.youtube.com\/redirect?event=video_description&amp;redir_token=QUFFLUhqa1FsNjMtdmUtTS1vWUg5em5zaEpzOUdIOGhnd3xBQ3Jtc0ttdDB1SlRSVS1RTjRUZUtNODMxYnBJTnV2b0ItdjIzOEJCSVVpWXRIV1RSdmxPWC1DOFU3TVV4RmxNdW5nRkV6cE1ScXVjdTlvcDhYeEptNEszN1V1Q042eWpDOTZrTzk5ckQ1R2g3Nl9nWEt1OU5MWQ&amp;q=https%3A%2F%2Fwww.instagram.com%2Foslobodjenje.ba&amp;v=ogUzzAgGjzE'><a href=\"https:\/\/www.instagram.com\/oslobodjenj\" rel=\"nofollow\">https:\/\/www.instagram.com\/oslobodjenj<\/a>&#8230;<\/a>\u00a0 Twitter: <a href='https:\/\/www.youtube.com\/redirect?event=video_description&amp;redir_token=QUFFLUhqbVJvekE3SjJjbkVfT2xuR0ROekRPNVlfQ2EwZ3xBQ3Jtc0tsNDNVdW1ENDZqUHI3UW52S2NVU2VDcWxFLVJSczZjRnlfYjI1dHpfRERPcTJybkZJSThDME9rYVRUMk0zYnNMNFVJRktyNS0wTk9qaFVDQ2diLTBVMGl2RUxtZUFscGptYUxrbGF2X2NoRmsxdHVQOA&amp;q=https%3A%2F%2Ftwitter.com%2Foslobodjenjeba&amp;v=ogUzzAgGjzE'>&#8230;<\/a><\/p>","protected":false},"excerpt":{"rendered":"<p>Send us Fan Mail Alen \u0160koro ljubimac navija\u010da FK Sarajevo, dugo godina bio je daleko od o\u010diju javnosti. Nakon zavr\u0161etka karijere dugo godina je bio u privatnom biznisu, a onda se u dva navrata anga\u017eovao u FK Sarajevo. Prvo kao sportski direktor, a potom kao \u0161ef Akademije. U prvom dijelu podcasta (IN)Direkt \u0160koro je govorio&#8230;<\/p>","protected":false},"author":4,"featured_media":111669,"comment_status":"","ping_status":"closed","sticky":false,"template":"","format":"standard","meta":{"footnotes":""},"categories":[610],"tags":[],"class_list":["post-685887","post","type-post","status-publish","format-standard","has-post-thumbnail","hentry","category-oslobodjenje-podcast"],"_links":{"self":[{"href":"https:\/\/podcast.rs\/en\/wp-json\/wp\/v2\/posts\/685887","targetHints":{"allow":["GET"]}}],"collection":[{"href":"https:\/\/podcast.rs\/en\/wp-json\/wp\/v2\/posts"}],"about":[{"href":"https:\/\/podcast.rs\/en\/wp-json\/wp\/v2\/types\/post"}],"author":[{"embeddable":true,"href":"https:\/\/podcast.rs\/en\/wp-json\/wp\/v2\/users\/4"}],"replies":[{"embeddable":true,"href":"https:\/\/podcast.rs\/en\/wp-json\/wp\/v2\/comments?post=685887"}],"version-history":[{"count":0,"href":"https:\/\/podcast.rs\/en\/wp-json\/wp\/v2\/posts\/685887\/revisions"}],"wp:featuredmedia":[{"embeddable":true,"href":"https:\/\/podcast.rs\/en\/wp-json\/wp\/v2\/media\/111669"}],"wp:attachment":[{"href":"https:\/\/podcast.rs\/en\/wp-json\/wp\/v2\/media?parent=685887"}],"wp:term":[{"taxonomy":"category","embeddable":true,"href":"https:\/\/podcast.rs\/en\/wp-json\/wp\/v2\/categories?post=685887"},{"taxonomy":"post_tag","embeddable":true,"href":"https:\/\/podcast.rs\/en\/wp-json\/wp\/v2\/tags?post=685887"}],"curies":[{"name":"wp","href":"https:\/\/api.w.org\/{rel}","templated":true}]}}