{"id":68140,"date":"2023-03-09T17:30:11","date_gmt":"2023-03-09T16:30:11","guid":{"rendered":"https:\/\/podcast.rs\/?p=68140"},"modified":"2023-03-09T20:24:32","modified_gmt":"2023-03-09T18:24:32","slug":"sta-se-desava-izmedju-dve-runde-pregovora-beograda-i-pristine","status":"publish","type":"post","link":"https:\/\/podcast.rs\/en\/sta-se-desava-izmedju-dve-runde-pregovora-beograda-i-pristine\/","title":{"rendered":"\u0160ta se de\u0161ava izme\u0111u dve runde pregovora Beograda i Pri\u0161tine?"},"content":{"rendered":"<p>      Nakon sastanka u Briselu na kojem su predsednik Srbije Aleksandar Vu\u010di\u0107 i kosovski premijer Aljbin Kurti prihvatili nema\u010dko-francuski plan za normalizaciju odnosa Kosova i Srbije, za 18. mart je najavljen novi susret u Ohridu. \u0160ta se de\u0161ava ime\u0111u dve runde pregovora? Kako bi mogao da izgleda plan implementacije sporazuma i \u0161ta mo\u017ee da po\u0111e po zlu? O tome u ovom podkastu izme\u0111u ostalog razgovaramo sa politikologom Dimitrijem Mili\u0107em, programskim direktorom organizacije \u201eNovi tre\u0107i put\u201c.<\/p>","protected":false},"excerpt":{"rendered":"<p>Nakon sastanka u Briselu na kojem su predsednik Srbije Aleksandar Vu\u010di\u0107 i kosovski premijer Aljbin Kurti prihvatili nema\u010dko-francuski plan za normalizaciju odnosa Kosova i Srbije, za 18. mart je najavljen novi susret u Ohridu. \u0160ta se de\u0161ava ime\u0111u dve runde pregovora? Kako bi mogao da izgleda plan implementacije sporazuma i \u0161ta mo\u017ee da po\u0111e po&#8230;<\/p>","protected":false},"author":3,"featured_media":48737,"comment_status":"close","ping_status":"closed","sticky":false,"template":"","format":"audio","meta":{"footnotes":""},"categories":[183],"tags":[],"class_list":["post-68140","post","type-post","status-publish","format-audio","has-post-thumbnail","hentry","category-cosmo","post_format-post-format-audio"],"_links":{"self":[{"href":"https:\/\/podcast.rs\/en\/wp-json\/wp\/v2\/posts\/68140","targetHints":{"allow":["GET"]}}],"collection":[{"href":"https:\/\/podcast.rs\/en\/wp-json\/wp\/v2\/posts"}],"about":[{"href":"https:\/\/podcast.rs\/en\/wp-json\/wp\/v2\/types\/post"}],"author":[{"embeddable":true,"href":"https:\/\/podcast.rs\/en\/wp-json\/wp\/v2\/users\/3"}],"replies":[{"embeddable":true,"href":"https:\/\/podcast.rs\/en\/wp-json\/wp\/v2\/comments?post=68140"}],"version-history":[{"count":1,"href":"https:\/\/podcast.rs\/en\/wp-json\/wp\/v2\/posts\/68140\/revisions"}],"predecessor-version":[{"id":68141,"href":"https:\/\/podcast.rs\/en\/wp-json\/wp\/v2\/posts\/68140\/revisions\/68141"}],"wp:featuredmedia":[{"embeddable":true,"href":"https:\/\/podcast.rs\/en\/wp-json\/wp\/v2\/media\/48737"}],"wp:attachment":[{"href":"https:\/\/podcast.rs\/en\/wp-json\/wp\/v2\/media?parent=68140"}],"wp:term":[{"taxonomy":"category","embeddable":true,"href":"https:\/\/podcast.rs\/en\/wp-json\/wp\/v2\/categories?post=68140"},{"taxonomy":"post_tag","embeddable":true,"href":"https:\/\/podcast.rs\/en\/wp-json\/wp\/v2\/tags?post=68140"}],"curies":[{"name":"wp","href":"https:\/\/api.w.org\/{rel}","templated":true}]}}