{"id":67957,"date":"2023-03-07T17:30:41","date_gmt":"2023-03-07T16:30:41","guid":{"rendered":"https:\/\/podcast.rs\/?p=67957"},"modified":"2023-03-07T20:23:22","modified_gmt":"2023-03-07T18:23:22","slug":"dan-jednakih-plata","status":"publish","type":"post","link":"https:\/\/podcast.rs\/en\/dan-jednakih-plata\/","title":{"rendered":"Dan jednakih plata"},"content":{"rendered":"<p>      \u017dene u prosjeku zara\u0111uju manje od mu\u0161karaca, kako u Njema\u010dkoj tako i na jugoistoku Evrope. Koliko ta\u010dno? U \u010demu je su\u0161tinski problem? Povodom Dana jednakih pla\u0107a (Equal-Pay-Day) razgovaramo s Idom Prester, umjetnicom i medijskom radnicom iz Zagreba. Zbog \u010dega \u017eenama te\u017ee pada tra\u017eiti povi\u0161icu pla\u0107e? Kolega Boris Rabrenovi\u0107 analizira (ne)ravnopravnost spolova u Njema\u010dkoj i skre\u0107e pa\u017enju na mogu\u0107e promjene zakonskih okvira.<\/p>","protected":false},"excerpt":{"rendered":"<p>\u017dene u prosjeku zara\u0111uju manje od mu\u0161karaca, kako u Njema\u010dkoj tako i na jugoistoku Evrope. Koliko ta\u010dno? U \u010demu je su\u0161tinski problem? Povodom Dana jednakih pla\u0107a (Equal-Pay-Day) razgovaramo s Idom Prester, umjetnicom i medijskom radnicom iz Zagreba. Zbog \u010dega \u017eenama te\u017ee pada tra\u017eiti povi\u0161icu pla\u0107e? Kolega Boris Rabrenovi\u0107 analizira (ne)ravnopravnost spolova u Njema\u010dkoj i skre\u0107e&#8230;<\/p>","protected":false},"author":3,"featured_media":48737,"comment_status":"close","ping_status":"closed","sticky":false,"template":"","format":"audio","meta":{"footnotes":""},"categories":[183],"tags":[],"class_list":["post-67957","post","type-post","status-publish","format-audio","has-post-thumbnail","hentry","category-cosmo","post_format-post-format-audio"],"_links":{"self":[{"href":"https:\/\/podcast.rs\/en\/wp-json\/wp\/v2\/posts\/67957","targetHints":{"allow":["GET"]}}],"collection":[{"href":"https:\/\/podcast.rs\/en\/wp-json\/wp\/v2\/posts"}],"about":[{"href":"https:\/\/podcast.rs\/en\/wp-json\/wp\/v2\/types\/post"}],"author":[{"embeddable":true,"href":"https:\/\/podcast.rs\/en\/wp-json\/wp\/v2\/users\/3"}],"replies":[{"embeddable":true,"href":"https:\/\/podcast.rs\/en\/wp-json\/wp\/v2\/comments?post=67957"}],"version-history":[{"count":1,"href":"https:\/\/podcast.rs\/en\/wp-json\/wp\/v2\/posts\/67957\/revisions"}],"predecessor-version":[{"id":67958,"href":"https:\/\/podcast.rs\/en\/wp-json\/wp\/v2\/posts\/67957\/revisions\/67958"}],"wp:featuredmedia":[{"embeddable":true,"href":"https:\/\/podcast.rs\/en\/wp-json\/wp\/v2\/media\/48737"}],"wp:attachment":[{"href":"https:\/\/podcast.rs\/en\/wp-json\/wp\/v2\/media?parent=67957"}],"wp:term":[{"taxonomy":"category","embeddable":true,"href":"https:\/\/podcast.rs\/en\/wp-json\/wp\/v2\/categories?post=67957"},{"taxonomy":"post_tag","embeddable":true,"href":"https:\/\/podcast.rs\/en\/wp-json\/wp\/v2\/tags?post=67957"}],"curies":[{"name":"wp","href":"https:\/\/api.w.org\/{rel}","templated":true}]}}