{"id":67660,"date":"2023-02-27T16:50:38","date_gmt":"2023-02-27T15:50:38","guid":{"rendered":"https:\/\/podcast.rs\/?p=67660"},"modified":"2023-02-27T18:38:14","modified_gmt":"2023-02-27T16:38:14","slug":"ep024-posao-kriticara-je-da-kritikuje","status":"publish","type":"post","link":"https:\/\/podcast.rs\/en\/ep024-posao-kriticara-je-da-kritikuje\/","title":{"rendered":"EP024 Posao kriti\u010dara je da kritikuje"},"content":{"rendered":"<p>Ve\u0107ina nas nije zadovoljna svojim telom i stalno pronalazimo mane na njemu. Ali nam nikada nije palo na pamet da ta negativna ose\u0107anja prema sopstvenom telu zapravo ne pripadaju nama kao svesnim bi\u0107ima. Da ti negativni komentari koje svakodnevno \u010dujemo u svojoj glavi nisu na\u0161e misli, da to nije na\u0161 glas. To je glas unutra\u0161njeg kriti\u010dara. A mi prihvatamo to zlostavljanje zdravo za gotovo i kada opisujemo svoje telo mi JA mislim&#8230; i MOJE telo, a zapravo ono \u0161to opisujemo je samo percepcija na\u0161eg unutra\u0161njeg kriti\u010dara.<\/p>\n<p>O odnosu unutra\u0161njeg kriti\u010dara prema nama i na\u0161em telu, pri\u010dala sam u dana\u0161njoj epizodi podcasta &#8222;Uzaludna perfekcionistkinja&#8220; koju mo\u017eete poslu\u0161ati na slede\u0107im platformama:<\/p>\n<p><a href=\"https:\/\/open.spotify.com\/show\/6xMMyokt2vX1hi3ZY2YHYK\">Spotify<\/a><\/p>\n<p><a href=\"https:\/\/podcasts.apple.com\/us\/podcast\/uzaludna-perfekcionistkinja\/id1652161068\">Apple Podcasts<\/a><\/p>\n<p><a href=\"https:\/\/podcasts.google.com\/feed\/aHR0cHM6Ly9hbmNob3IuZm0vcy9hY2ZhNmViYy9wb2RjYXN0L3Jzcw\">Google Podcasts<\/a><\/p>\n<p><a href=\"https:\/\/www.stitcher.com\/show\/1058077\">Stitcher<\/a><\/p>\n<p><a href=\"https:\/\/podcast.rs\/en\/show\/uzaludna-perfekcionistkinja\/\">Podcast.rs<\/a><\/p>\n<p>\u017delim da \u010dujem va\u0161e komentare, va\u0161e pri\u010de i iskustvo, pa vas pozivam da se pove\u017eemo na dru\u0161tvenim mre\u017eama:<\/p>\n<p><a href=\"https:\/\/www.instagram.com\/marjeta.pevec\/\">Instagram<\/a><\/p>\n<p><a href=\"https:\/\/www.facebook.com\/marjetapeveclifecoach\">Facebook<\/a><\/p>\n<p><a href=\"https:\/\/www.tiktok.com\/@marjetapevec\">TikTok<\/a><\/p>\n<p>Ako \u017eelite da dobijate moja pisma \u010detvrtkom, mo\u017eete se prijaviti na ovom <a href=\"https:\/\/landing.mailerlite.com\/webforms\/landing\/b4o9d6\">linku<\/a><\/p>\n<p>Slu\u0161amo se!<\/p>","protected":false},"excerpt":{"rendered":"<p>Ve\u0107ina nas nije zadovoljna svojim telom i stalno pronalazimo mane na njemu. Ali nam nikada nije palo na pamet da ta negativna ose\u0107anja prema sopstvenom telu zapravo ne pripadaju nama kao svesnim bi\u0107ima. Da ti negativni komentari koje svakodnevno \u010dujemo u svojoj glavi nisu na\u0161e misli, da to nije na\u0161 glas. To je glas unutra\u0161njeg&#8230;<\/p>","protected":false},"author":3,"featured_media":67144,"comment_status":"close","ping_status":"closed","sticky":false,"template":"","format":"audio","meta":{"footnotes":""},"categories":[470],"tags":[],"class_list":["post-67660","post","type-post","status-publish","format-audio","has-post-thumbnail","hentry","category-uzaludna-perfekcionistkinja","post_format-post-format-audio"],"_links":{"self":[{"href":"https:\/\/podcast.rs\/en\/wp-json\/wp\/v2\/posts\/67660","targetHints":{"allow":["GET"]}}],"collection":[{"href":"https:\/\/podcast.rs\/en\/wp-json\/wp\/v2\/posts"}],"about":[{"href":"https:\/\/podcast.rs\/en\/wp-json\/wp\/v2\/types\/post"}],"author":[{"embeddable":true,"href":"https:\/\/podcast.rs\/en\/wp-json\/wp\/v2\/users\/3"}],"replies":[{"embeddable":true,"href":"https:\/\/podcast.rs\/en\/wp-json\/wp\/v2\/comments?post=67660"}],"version-history":[{"count":1,"href":"https:\/\/podcast.rs\/en\/wp-json\/wp\/v2\/posts\/67660\/revisions"}],"predecessor-version":[{"id":67661,"href":"https:\/\/podcast.rs\/en\/wp-json\/wp\/v2\/posts\/67660\/revisions\/67661"}],"wp:featuredmedia":[{"embeddable":true,"href":"https:\/\/podcast.rs\/en\/wp-json\/wp\/v2\/media\/67144"}],"wp:attachment":[{"href":"https:\/\/podcast.rs\/en\/wp-json\/wp\/v2\/media?parent=67660"}],"wp:term":[{"taxonomy":"category","embeddable":true,"href":"https:\/\/podcast.rs\/en\/wp-json\/wp\/v2\/categories?post=67660"},{"taxonomy":"post_tag","embeddable":true,"href":"https:\/\/podcast.rs\/en\/wp-json\/wp\/v2\/tags?post=67660"}],"curies":[{"name":"wp","href":"https:\/\/api.w.org\/{rel}","templated":true}]}}