{"id":676230,"date":"2026-04-05T18:57:28","date_gmt":"2026-04-05T16:57:28","guid":{"rendered":"https:\/\/podcast.rs\/deca-koja-su-krenula-u-skolu-1953-su-se-pobunila-1968-sanja-petrovic-todosijevic-agelast-331\/"},"modified":"2026-04-29T04:06:10","modified_gmt":"2026-04-29T02:06:10","slug":"deca-koja-su-krenula-u-skolu-1953-su-se-pobunila-1968-sanja-petrovic-todosijevic-agelast-331","status":"publish","type":"post","link":"https:\/\/podcast.rs\/en\/deca-koja-su-krenula-u-skolu-1953-su-se-pobunila-1968-sanja-petrovic-todosijevic-agelast-331\/","title":{"rendered":"\u201eDeca koja su krenula u \u0161kolu 1953. su se pobunila 1968.&#8220; | Sanja Petrovi\u0107 Todosijevi\u0107 | Agelast 331"},"content":{"rendered":"<p>Da li ste videli na\u0161 sajt? <a href=\"https:\/\/agelast.io\/\">https:\/\/agelast.io\/<\/a><\/p>\n<p>Podr\u017eite nas na Patreonu: <a href=\"https:\/\/www.patreon.com\/agelast\">https:\/\/www.patreon.com\/agelast<\/a><br \/>Jednokratne donacije kanalu: <a href=\"https:\/\/www.paypal.me\/agelastpodcast\">https:\/\/www.paypal.me\/agelastpodcast<\/a><br \/>Kripto donacije: BTC: 1BdrToPVPRbMtzPkdX8z3wviTHZZyzqD7w<br \/>ETH: 0xe189975f215102DD2e2442B060D00b524a608167<br \/>FB: <a href=\"https:\/\/www.facebook.com\/galebnikacevic\">https:\/\/www.facebook.com\/galebnikacevic<\/a><br \/>Instagram: <a href=\"https:\/\/www.instagram.com\/agelast_\/\">https:\/\/www.instagram.com\/agelast_\/<\/a><br \/>Twitter: <a href=\"https:\/\/twitter.com\/GalebNikacevic\">https:\/\/twitter.com\/GalebNikacev<\/a><\/p>\n<p>A1: <a href=\"https:\/\/a1.rs\/privatni\">https:\/\/a1.rs\/privatni<\/a><\/p>\n<p>Mazda:<br \/>1. Web: <a href=\"https:\/\/www.youtube.com\/redirect?event=video_description&amp;redir_token=QUFFLUhqa2RGV2lrbk1fLVlRX2R2MkV4OUJtYUdMNmFMd3xBQ3Jtc0ttcmJrbDdlSmZFS3FLd2lkVEpiRGMzcGt6N3c1TG94VTJteWMxNVRTV2FEbm5nMzQzbEJwRmxmWk11OGRqc0hJZ2NMOHFfMFRHOHd5WjdqUVJDTDRGZXZXM1RsYThmaGs5YXp4bDZsakpTMDRLdE5sdw&amp;q=https%3A%2F%2Fwww.mazda.rs%2F&amp;v=UIZV5yy4J6A\">https:\/\/www.mazda.rs<\/a><br \/>2. Facebook: <a href=\"https:\/\/www.youtube.com\/redirect?event=video_description&amp;redir_token=QUFFLUhqay1yZDduMmlCLUM3bDNJN3ZrbTZsZjFYVEl6UXxBQ3Jtc0tuNGNXZG9EM1JMUWJCeHRhbUM1OUF3OUZ6SmNqOVJKSThGWGF1ZXdEYUdMNXcwLWhfTVo2WG00clJSVFpvdHJzc1VuTGtaSXE4bTl0T2w0LXh5TGVBX0d0aXVlMEJ1a0hjUEV0TWx2b1N5TlBYS0pDSQ&amp;q=https%3A%2F%2Fwww.facebook.com%2FMazdaSrbija&amp;v=UIZV5yy4J6A\">\u00a0<\/a><a href=\"https:\/\/www.youtube.com\/redirect?event=video_description&amp;redir_token=QUFFLUhqay1yZDduMmlCLUM3bDNJN3ZrbTZsZjFYVEl6UXxBQ3Jtc0tuNGNXZG9EM1JMUWJCeHRhbUM1OUF3OUZ6SmNqOVJKSThGWGF1ZXdEYUdMNXcwLWhfTVo2WG00clJSVFpvdHJzc1VuTGtaSXE4bTl0T2w0LXh5TGVBX0d0aXVlMEJ1a0hjUEV0TWx2b1N5TlBYS0pDSQ&amp;q=https%3A%2F%2Fwww.facebook.com%2FMazdaSrbija&amp;v=UIZV5yy4J6A\"><\/a><a href=\"https:\/\/www.youtube.com\/redirect?event=video_description&amp;redir_token=QUFFLUhqay1yZDduMmlCLUM3bDNJN3ZrbTZsZjFYVEl6UXxBQ3Jtc0tuNGNXZG9EM1JMUWJCeHRhbUM1OUF3OUZ6SmNqOVJKSThGWGF1ZXdEYUdMNXcwLWhfTVo2WG00clJSVFpvdHJzc1VuTGtaSXE4bTl0T2w0LXh5TGVBX0d0aXVlMEJ1a0hjUEV0TWx2b1N5TlBYS0pDSQ&amp;q=https%3A%2F%2Fwww.facebook.com%2FMazdaSrbija&amp;v=UIZV5yy4J6A\">\/ mazdasrbija<\/a><br \/>3. Instagram: <a href=\"https:\/\/www.youtube.com\/redirect?event=video_description&amp;redir_token=QUFFLUhqa0JaYVFjTDRfY3BXMThMWUU1eG1SdHhWRUZ1d3xBQ3Jtc0trbUt0eXV6Nk9LS3BjUDlKaHNTa2l5WWY2M1FWM1hWdmRsbEJyU19XUG5vOERybXFZV0hoVTZydG9sYmpHalBHdXNRRDFrQ2o0Vk5BTE9FOHEzUVczal9KOHp0dWEyYUtiZm16RnVlbzJsMHdIR09DOA&amp;q=https%3A%2F%2Fwww.instagram.com%2Fmazda.rs%2F&amp;v=UIZV5yy4J6A\">\u00a0<\/a><a href=\"https:\/\/www.youtube.com\/redirect?event=video_description&amp;redir_token=QUFFLUhqa0JaYVFjTDRfY3BXMThMWUU1eG1SdHhWRUZ1d3xBQ3Jtc0trbUt0eXV6Nk9LS3BjUDlKaHNTa2l5WWY2M1FWM1hWdmRsbEJyU19XUG5vOERybXFZV0hoVTZydG9sYmpHalBHdXNRRDFrQ2o0Vk5BTE9FOHEzUVczal9KOHp0dWEyYUtiZm16RnVlbzJsMHdIR09DOA&amp;q=https%3A%2F%2Fwww.instagram.com%2Fmazda.rs%2F&amp;v=UIZV5yy4J6A\"><\/a><a href=\"https:\/\/www.youtube.com\/redirect?event=video_description&amp;redir_token=QUFFLUhqa0JaYVFjTDRfY3BXMThMWUU1eG1SdHhWRUZ1d3xBQ3Jtc0trbUt0eXV6Nk9LS3BjUDlKaHNTa2l5WWY2M1FWM1hWdmRsbEJyU19XUG5vOERybXFZV0hoVTZydG9sYmpHalBHdXNRRDFrQ2o0Vk5BTE9FOHEzUVczal9KOHp0dWEyYUtiZm16RnVlbzJsMHdIR09DOA&amp;q=https%3A%2F%2Fwww.instagram.com%2Fmazda.rs%2F&amp;v=UIZV5yy4J6A\"> \/ mazda.rs<\/a><\/p>\n<p>U Jugoslaviji nakon Drugog svetskog rata, svaki tre\u0107i \u010dovek na ulici bio je dete, a svaki drugi grob u zemlji bio je de\u010dji. Sa sela je dolazilo 70% dece, iz porodica u kojima se niko nikada nije \u0161kolovao. Majka svakog tre\u0107eg deteta koje je u \u0161kolu krenulo 1953. bila je nepismena. <\/p>\n<p>Samo petnaest godina kasnije, ta ista deca kao studenti pokre\u0107u velike proteste juna 1968. godine. Blokiraju fakultete i tra\u017ee obra\u010dun sa socijalnom nejednako\u0161\u0107u. <\/p>\n<p>Izme\u0111u ta dva istorijska trenutka, dogodila se jedna od najambicioznijih reformi obrazovnog sistema u modernoj evropskoj istoriji. Re\u010d je o velikoj reformi \u0161kolstva provedenoj u FNR Jugoslaviji 50-tih godina pro\u0161log veka. O toj reformi koja je imala ogroman zna\u010daj u procesu obnove dru\u0161tva i emancipcije stanovni\u0161tva u ratom razorenoj Jugoslaviji, razgovaramo u narednoj epizodi podkasta.<br \/>\u00a0<br \/>Na\u0161a sagovornica je dr Sanja Petrovi\u0107 Todosijevi\u0107, istori\u010darka zaposlena u Institutu za noviju istoriju Srbije. Bavi se dru\u0161tvenom istorijom Srbije i Jugoslavije u periodu nakon Drugog svetskog rata, sa posebnim fokusom na istoriju detinjstva i obrazovanja, ali i istorijom Holokausta i masovnih zlo\u010dina na prostoru nema\u010dke okupacione zone u Srbiji.<\/p>\n<p>Autorka je monografija \u201eZa bezimene: Delatnost UNICEF-a u Federativnoj Narodnoj Republici Jugoslaviji 1947-1954&#8243; i \u201eOte\u0107emo svetlost bu\u010dnom vodopadu: Reforma osnovno\u0161kolskog sistema u Srbiji 1944-1959&#8243;.<\/p>\n<p>Zajedno sa Aleksandrom Ili\u0107 Rajkovi\u0107 uredila je kolektivnu monografiju \u201eBez \u0161kole \u0161ta bi mi?! Ogledi iz istorije obrazovanja u Srbiji i Jugoslaviji od 19. veka do danas\u201c. Koautorka je dva ud\u017ebenika iz istorije za sedmi i osmi razred osnovne \u0161kole, u izdanju izdava\u010dke ku\u0107e Klett. <\/p>\n<p>Dobitnica je BeFem Bring The Noize 2023. priznanja za borbu protiv desni\u010darskih intervencija u formalnom obrazovanju. Jedna je od osniva\u010dica Centra za jugoslovenske studije i \u010dlanica neformalne inicijative Sa\u010duvajmo Memorijalni dom \u201eBo\u0161ko Buha\u201c na Jabuci. <\/p>\n<p>Ukoliko vas zanima vi\u0161e o memorijalnom centru \u201eBo\u0161ko Buha&#8220;, mo\u017eete saznati na ovim linkovima: <a href=\"https:\/\/www.peticije.online\/spreimo_prodaju_memorijalnog_kompleksa_boko_buha\">https:\/\/www.peticije.online\/spreimo_prodaju_memorijalnog_kompleksa_boko_buha<\/a><br \/><a href=\"https:\/\/remarker.media\/drustvo\/memorijalni-kompleks-bosko-buha\/\">https:\/\/remarker.media\/drustvo\/memorijalni-kompleks-bosko-buha\/<\/a><\/p>\n<\/p>\n<p>Instagram:<\/p>\n<p>Galeb Nika\u010devi\u0107 Hasci-Jare: <a href=\"https:\/\/www.instagram.com\/agelast_\/\">https:\/\/www.instagram.com\/agelast_\/<\/a><\/p>\n<p>Sandra Planojevi\u0107: <a href=\"https:\/\/www.instagram.com\/run_lola_run_7\/\">https:\/\/www.instagram.com\/run_lola_run_7\/<\/a><\/p>\n<p>Audio: Marko Ignjatovi\u0107<\/p>\n<p>Instagram:<\/p>\n<p>Galeb Nika\u010devi\u0107 Hasci-Jare: <a href=\"https:\/\/www.instagram.com\/agelast_\/\">https:\/\/www.instagram.com\/agelast_\/<\/a><\/p>\n<p>Sandra P&#8230;<\/p>","protected":false},"excerpt":{"rendered":"<p>Da li ste videli na\u0161 sajt? https:\/\/agelast.io\/ Podr\u017eite nas na Patreonu: https:\/\/www.patreon.com\/agelastJednokratne donacije kanalu: https:\/\/www.paypal.me\/agelastpodcastKripto donacije: BTC: 1BdrToPVPRbMtzPkdX8z3wviTHZZyzqD7wETH: 0xe189975f215102DD2e2442B060D00b524a608167FB: https:\/\/www.facebook.com\/galebnikacevicInstagram: https:\/\/www.instagram.com\/agelast_\/Twitter: https:\/\/twitter.com\/GalebNikacev A1: https:\/\/a1.rs\/privatni Mazda:1. Web: https:\/\/www.mazda.rs2. Facebook: \u00a0\/ mazdasrbija3. Instagram: \u00a0 \/ mazda.rs U Jugoslaviji nakon Drugog svetskog rata, svaki tre\u0107i \u010dovek na ulici bio je dete, a svaki drugi grob u zemlji bio&#8230;<\/p>","protected":false},"author":3,"featured_media":676232,"comment_status":"closed","ping_status":"closed","sticky":false,"template":"","format":"standard","meta":{"footnotes":""},"categories":[27],"tags":[],"class_list":["post-676230","post","type-post","status-publish","format-standard","has-post-thumbnail","hentry","category-agelast"],"_links":{"self":[{"href":"https:\/\/podcast.rs\/en\/wp-json\/wp\/v2\/posts\/676230","targetHints":{"allow":["GET"]}}],"collection":[{"href":"https:\/\/podcast.rs\/en\/wp-json\/wp\/v2\/posts"}],"about":[{"href":"https:\/\/podcast.rs\/en\/wp-json\/wp\/v2\/types\/post"}],"author":[{"embeddable":true,"href":"https:\/\/podcast.rs\/en\/wp-json\/wp\/v2\/users\/3"}],"replies":[{"embeddable":true,"href":"https:\/\/podcast.rs\/en\/wp-json\/wp\/v2\/comments?post=676230"}],"version-history":[{"count":3,"href":"https:\/\/podcast.rs\/en\/wp-json\/wp\/v2\/posts\/676230\/revisions"}],"predecessor-version":[{"id":682128,"href":"https:\/\/podcast.rs\/en\/wp-json\/wp\/v2\/posts\/676230\/revisions\/682128"}],"wp:featuredmedia":[{"embeddable":true,"href":"https:\/\/podcast.rs\/en\/wp-json\/wp\/v2\/media\/676232"}],"wp:attachment":[{"href":"https:\/\/podcast.rs\/en\/wp-json\/wp\/v2\/media?parent=676230"}],"wp:term":[{"taxonomy":"category","embeddable":true,"href":"https:\/\/podcast.rs\/en\/wp-json\/wp\/v2\/categories?post=676230"},{"taxonomy":"post_tag","embeddable":true,"href":"https:\/\/podcast.rs\/en\/wp-json\/wp\/v2\/tags?post=676230"}],"curies":[{"name":"wp","href":"https:\/\/api.w.org\/{rel}","templated":true}]}}