{"id":674572,"date":"2026-03-31T19:52:52","date_gmt":"2026-03-31T17:52:52","guid":{"rendered":"https:\/\/podcast.rs\/zeleni-svet-novog-sada-zasto-je-zelenilo-vazno-za-nas-zivot-u-gradu-gost-marija-stakic\/"},"modified":"2026-03-31T19:52:52","modified_gmt":"2026-03-31T17:52:52","slug":"zeleni-svet-novog-sada-zasto-je-zelenilo-vazno-za-nas-zivot-u-gradu-gost-marija-stakic","status":"publish","type":"post","link":"https:\/\/podcast.rs\/en\/zeleni-svet-novog-sada-zasto-je-zelenilo-vazno-za-nas-zivot-u-gradu-gost-marija-stakic\/","title":{"rendered":"Zeleni svet Novog Sada &#8211; Za\u0161to je zelenilo va\u017eno za na\u0161 \u017eivot u gradu &#8211; Gost Marija Staki\u0107"},"content":{"rendered":"<p>U zavr\u0161noj epizodi serijala Zeleni svet Novog Sada go\u0161\u0107a je Marija Staki\u0107 iz inicijative \u201eBaci ne\u0161to lepo\u201d, a tema razgovora je za\u0161to je zelenilo va\u017eno za na\u0161 \u017eivot u gradu. Govorimo o tome \u0161ta zelenilo daje \u010doveku i gradu, za\u0161to nije samo ukras, ve\u0107 deo kvaliteta \u017eivota, i kako i mala sadnja mo\u017ee da promeni odnos prema prostoru, kom\u0161iluku i svakodnevici.Projekat \u201eZeleni svet Novog Sada\u201d podr\u017eala je Gradska uprava za za\u0161titu \u017eivotne sredine.<\/p>","protected":false},"excerpt":{"rendered":"<p>U zavr\u0161noj epizodi serijala Zeleni svet Novog Sada go\u0161\u0107a je Marija Staki\u0107 iz inicijative \u201eBaci ne\u0161to lepo\u201d, a tema razgovora je za\u0161to je zelenilo va\u017eno za na\u0161 \u017eivot u gradu. Govorimo o tome \u0161ta zelenilo daje \u010doveku i gradu, za\u0161to nije samo ukras, ve\u0107 deo kvaliteta \u017eivota, i kako i mala sadnja mo\u017ee da promeni&#8230;<\/p>","protected":false},"author":3,"featured_media":659222,"comment_status":"","ping_status":"closed","sticky":false,"template":"","format":"standard","meta":{"footnotes":""},"categories":[520],"tags":[],"class_list":["post-674572","post","type-post","status-publish","format-standard","has-post-thumbnail","hentry","category-dnevnik-jednog-programera"],"_links":{"self":[{"href":"https:\/\/podcast.rs\/en\/wp-json\/wp\/v2\/posts\/674572","targetHints":{"allow":["GET"]}}],"collection":[{"href":"https:\/\/podcast.rs\/en\/wp-json\/wp\/v2\/posts"}],"about":[{"href":"https:\/\/podcast.rs\/en\/wp-json\/wp\/v2\/types\/post"}],"author":[{"embeddable":true,"href":"https:\/\/podcast.rs\/en\/wp-json\/wp\/v2\/users\/3"}],"replies":[{"embeddable":true,"href":"https:\/\/podcast.rs\/en\/wp-json\/wp\/v2\/comments?post=674572"}],"version-history":[{"count":0,"href":"https:\/\/podcast.rs\/en\/wp-json\/wp\/v2\/posts\/674572\/revisions"}],"wp:featuredmedia":[{"embeddable":true,"href":"https:\/\/podcast.rs\/en\/wp-json\/wp\/v2\/media\/659222"}],"wp:attachment":[{"href":"https:\/\/podcast.rs\/en\/wp-json\/wp\/v2\/media?parent=674572"}],"wp:term":[{"taxonomy":"category","embeddable":true,"href":"https:\/\/podcast.rs\/en\/wp-json\/wp\/v2\/categories?post=674572"},{"taxonomy":"post_tag","embeddable":true,"href":"https:\/\/podcast.rs\/en\/wp-json\/wp\/v2\/tags?post=674572"}],"curies":[{"name":"wp","href":"https:\/\/api.w.org\/{rel}","templated":true}]}}