{"id":674571,"date":"2026-03-31T20:03:18","date_gmt":"2026-03-31T18:03:18","guid":{"rendered":"https:\/\/podcast.rs\/zeleni-svet-novog-sada-dvoriste-i-zajednicki-prostor-zgrade-gost-srdjan-miljkovic\/"},"modified":"2026-03-31T20:03:18","modified_gmt":"2026-03-31T18:03:18","slug":"zeleni-svet-novog-sada-dvoriste-i-zajednicki-prostor-zgrade-gost-srdjan-miljkovic","status":"publish","type":"post","link":"https:\/\/podcast.rs\/en\/zeleni-svet-novog-sada-dvoriste-i-zajednicki-prostor-zgrade-gost-srdjan-miljkovic\/","title":{"rendered":"Zeleni svet Novog Sada &#8211; Dvori\u0161te i zajedni\u010dki prostor zgrade &#8211; Gost Sr\u0111an Miljkovi\u0107"},"content":{"rendered":"<p>U ovoj epizodi serijala Zeleni svet Novog Sada razgovaramo sa Sr\u0111anom Miljkovi\u0107em, mojim dragim kom\u0161ijom sa kojim zajedno ure\u0111ujem prostor oko na\u0161e zgrade. Kroz li\u010dno i prakti\u010dno iskustvo govorimo o tome kako malo dvori\u0161te ili zajedni\u010dki prostor ispred zgrade mogu da postanu lep\u0161i, zeleniji i prijatniji za sve koji tu \u017eive.Pri\u010damo i o tome koliko je va\u017eno da postoji dogovor me\u0111u kom\u0161ijama, da li su za ovakve akcije potrebne dozvole i kako mali zajedni\u010dki koraci mogu da promene i izgled prostora i odnose me\u0111u ljudima.Projekat \u201eZeleni svet Novog Sada\u201c podr\u017eala je Gradska uprava za za\u0161titu \u017eivotne sredine.<\/p>","protected":false},"excerpt":{"rendered":"<p>U ovoj epizodi serijala Zeleni svet Novog Sada razgovaramo sa Sr\u0111anom Miljkovi\u0107em, mojim dragim kom\u0161ijom sa kojim zajedno ure\u0111ujem prostor oko na\u0161e zgrade. Kroz li\u010dno i prakti\u010dno iskustvo govorimo o tome kako malo dvori\u0161te ili zajedni\u010dki prostor ispred zgrade mogu da postanu lep\u0161i, zeleniji i prijatniji za sve koji tu \u017eive.Pri\u010damo i o tome koliko&#8230;<\/p>","protected":false},"author":3,"featured_media":659222,"comment_status":"","ping_status":"closed","sticky":false,"template":"","format":"standard","meta":{"footnotes":""},"categories":[520],"tags":[],"class_list":["post-674571","post","type-post","status-publish","format-standard","has-post-thumbnail","hentry","category-dnevnik-jednog-programera"],"_links":{"self":[{"href":"https:\/\/podcast.rs\/en\/wp-json\/wp\/v2\/posts\/674571","targetHints":{"allow":["GET"]}}],"collection":[{"href":"https:\/\/podcast.rs\/en\/wp-json\/wp\/v2\/posts"}],"about":[{"href":"https:\/\/podcast.rs\/en\/wp-json\/wp\/v2\/types\/post"}],"author":[{"embeddable":true,"href":"https:\/\/podcast.rs\/en\/wp-json\/wp\/v2\/users\/3"}],"replies":[{"embeddable":true,"href":"https:\/\/podcast.rs\/en\/wp-json\/wp\/v2\/comments?post=674571"}],"version-history":[{"count":0,"href":"https:\/\/podcast.rs\/en\/wp-json\/wp\/v2\/posts\/674571\/revisions"}],"wp:featuredmedia":[{"embeddable":true,"href":"https:\/\/podcast.rs\/en\/wp-json\/wp\/v2\/media\/659222"}],"wp:attachment":[{"href":"https:\/\/podcast.rs\/en\/wp-json\/wp\/v2\/media?parent=674571"}],"wp:term":[{"taxonomy":"category","embeddable":true,"href":"https:\/\/podcast.rs\/en\/wp-json\/wp\/v2\/categories?post=674571"},{"taxonomy":"post_tag","embeddable":true,"href":"https:\/\/podcast.rs\/en\/wp-json\/wp\/v2\/tags?post=674571"}],"curies":[{"name":"wp","href":"https:\/\/api.w.org\/{rel}","templated":true}]}}