{"id":674566,"date":"2026-03-31T19:22:39","date_gmt":"2026-03-31T17:22:39","guid":{"rendered":"https:\/\/podcast.rs\/zeleni-svet-novog-sada-tema-sta-sve-zivi-u-nasem-komsiluku-a-da-to-i-ne-primecujemo\/"},"modified":"2026-03-31T19:22:39","modified_gmt":"2026-03-31T17:22:39","slug":"zeleni-svet-novog-sada-tema-sta-sve-zivi-u-nasem-komsiluku-a-da-to-i-ne-primecujemo","status":"publish","type":"post","link":"https:\/\/podcast.rs\/en\/zeleni-svet-novog-sada-tema-sta-sve-zivi-u-nasem-komsiluku-a-da-to-i-ne-primecujemo\/","title":{"rendered":"Zeleni svet Novog Sada &#8211; Tema: \u0160ta sve \u017eivi u na\u0161em kom\u0161iluku, a da to i ne prime\u0107ujemo"},"content":{"rendered":"<p>U ovoj epizodi go\u0161\u0107a je Aleksandra Nikoli\u0107 iz JP \u201eVojvodina\u0161ume\u201c, a tema je \u017eivot koji postoji u na\u0161em kom\u0161iluku, a da ga \u010desto i ne prime\u0107ujemo. Govorimo o pticama, p\u010delama, leptirima, korisnim insektima, drve\u0107u, \u017ebunju i malim zelenim prostorima koji grad \u010dine \u017eivim i va\u017enim za biodiverzitet.Projekat \u201eZeleni svet Novog Sada\u201c podr\u017eala je Gradska uprava za za\u0161titu \u017eivotne sredine.Zahvaljujemo se posebno na pomo\u0107i JP Vojvodina \u0160ume na gostovanju.<\/p>","protected":false},"excerpt":{"rendered":"<p>U ovoj epizodi go\u0161\u0107a je Aleksandra Nikoli\u0107 iz JP \u201eVojvodina\u0161ume\u201c, a tema je \u017eivot koji postoji u na\u0161em kom\u0161iluku, a da ga \u010desto i ne prime\u0107ujemo. Govorimo o pticama, p\u010delama, leptirima, korisnim insektima, drve\u0107u, \u017ebunju i malim zelenim prostorima koji grad \u010dine \u017eivim i va\u017enim za biodiverzitet.Projekat \u201eZeleni svet Novog Sada\u201c podr\u017eala je Gradska uprava&#8230;<\/p>","protected":false},"author":3,"featured_media":659222,"comment_status":"","ping_status":"closed","sticky":false,"template":"","format":"standard","meta":{"footnotes":""},"categories":[520],"tags":[],"class_list":["post-674566","post","type-post","status-publish","format-standard","has-post-thumbnail","hentry","category-dnevnik-jednog-programera"],"_links":{"self":[{"href":"https:\/\/podcast.rs\/en\/wp-json\/wp\/v2\/posts\/674566","targetHints":{"allow":["GET"]}}],"collection":[{"href":"https:\/\/podcast.rs\/en\/wp-json\/wp\/v2\/posts"}],"about":[{"href":"https:\/\/podcast.rs\/en\/wp-json\/wp\/v2\/types\/post"}],"author":[{"embeddable":true,"href":"https:\/\/podcast.rs\/en\/wp-json\/wp\/v2\/users\/3"}],"replies":[{"embeddable":true,"href":"https:\/\/podcast.rs\/en\/wp-json\/wp\/v2\/comments?post=674566"}],"version-history":[{"count":0,"href":"https:\/\/podcast.rs\/en\/wp-json\/wp\/v2\/posts\/674566\/revisions"}],"wp:featuredmedia":[{"embeddable":true,"href":"https:\/\/podcast.rs\/en\/wp-json\/wp\/v2\/media\/659222"}],"wp:attachment":[{"href":"https:\/\/podcast.rs\/en\/wp-json\/wp\/v2\/media?parent=674566"}],"wp:term":[{"taxonomy":"category","embeddable":true,"href":"https:\/\/podcast.rs\/en\/wp-json\/wp\/v2\/categories?post=674566"},{"taxonomy":"post_tag","embeddable":true,"href":"https:\/\/podcast.rs\/en\/wp-json\/wp\/v2\/tags?post=674566"}],"curies":[{"name":"wp","href":"https:\/\/api.w.org\/{rel}","templated":true}]}}