{"id":674522,"date":"2026-03-31T09:33:07","date_gmt":"2026-03-31T07:33:07","guid":{"rendered":"https:\/\/podcast.rs\/zeleni-svet-novog-sada-tema-autohtone-vrste-za-nase-podrucje-gost-srdjan-vukasinovic\/"},"modified":"2026-03-31T09:33:07","modified_gmt":"2026-03-31T07:33:07","slug":"zeleni-svet-novog-sada-tema-autohtone-vrste-za-nase-podrucje-gost-srdjan-vukasinovic","status":"publish","type":"post","link":"https:\/\/podcast.rs\/en\/zeleni-svet-novog-sada-tema-autohtone-vrste-za-nase-podrucje-gost-srdjan-vukasinovic\/","title":{"rendered":"Zeleni svet Novog Sada &#8211; Tema: Autohtone vrste za na\u0161e podru\u010dje &#8211; Gost Sr\u0111an Vuka\u0161inovi\u0107"},"content":{"rendered":"<p>U ovoj epizodi serijala Zeleni svet Novog Sada govorimo o autohtonim vrstama drve\u0107a i \u017ebunja i o tome za\u0161to je va\u017eno da u na\u0161em gradu sadimo ono \u0161to prirodno pripada ovom podneblju. Gost je Sr\u0111an Vuka\u0161inovi\u0107 iz udru\u017eenja Foresteducon.Kroz razgovor obra\u0111ujemo pitanja koja su va\u017ena za svakoga ko \u017eeli da sadi odgovornije i dugoro\u010dnije: \u0161ta zapravo zna\u010di kada ka\u017eemo da je neka biljka autohtona, koje vrste najbolje uspevaju u Novom Sadu i okolini, koje su otpornije na vru\u0107a leta i manje ki\u0161e, koje vrste daju dobar hlad, a koje su pogodne za mala dvori\u0161ta, prostor ispred zgrade, pa \u010dak i za terase i velike saksije.Ova epizoda namenjena je svima koji \u017eele da bolje razumeju koje vrste imaju smisla za Novi Sad i kako svaki gra\u0111anin mo\u017ee da doprinese zelenijem, otpornijem i prijatnijem gradu.Projekat \u201eZeleni svet Novog Sada\u201c podr\u017eala je Gradska uprava za za\u0161titu \u017eivotne sredine.<\/p>","protected":false},"excerpt":{"rendered":"<p>U ovoj epizodi serijala Zeleni svet Novog Sada govorimo o autohtonim vrstama drve\u0107a i \u017ebunja i o tome za\u0161to je va\u017eno da u na\u0161em gradu sadimo ono \u0161to prirodno pripada ovom podneblju. Gost je Sr\u0111an Vuka\u0161inovi\u0107 iz udru\u017eenja Foresteducon.Kroz razgovor obra\u0111ujemo pitanja koja su va\u017ena za svakoga ko \u017eeli da sadi odgovornije i dugoro\u010dnije: \u0161ta&#8230;<\/p>","protected":false},"author":3,"featured_media":659222,"comment_status":"","ping_status":"closed","sticky":false,"template":"","format":"standard","meta":{"footnotes":""},"categories":[520],"tags":[],"class_list":["post-674522","post","type-post","status-publish","format-standard","has-post-thumbnail","hentry","category-dnevnik-jednog-programera"],"_links":{"self":[{"href":"https:\/\/podcast.rs\/en\/wp-json\/wp\/v2\/posts\/674522","targetHints":{"allow":["GET"]}}],"collection":[{"href":"https:\/\/podcast.rs\/en\/wp-json\/wp\/v2\/posts"}],"about":[{"href":"https:\/\/podcast.rs\/en\/wp-json\/wp\/v2\/types\/post"}],"author":[{"embeddable":true,"href":"https:\/\/podcast.rs\/en\/wp-json\/wp\/v2\/users\/3"}],"replies":[{"embeddable":true,"href":"https:\/\/podcast.rs\/en\/wp-json\/wp\/v2\/comments?post=674522"}],"version-history":[{"count":0,"href":"https:\/\/podcast.rs\/en\/wp-json\/wp\/v2\/posts\/674522\/revisions"}],"wp:featuredmedia":[{"embeddable":true,"href":"https:\/\/podcast.rs\/en\/wp-json\/wp\/v2\/media\/659222"}],"wp:attachment":[{"href":"https:\/\/podcast.rs\/en\/wp-json\/wp\/v2\/media?parent=674522"}],"wp:term":[{"taxonomy":"category","embeddable":true,"href":"https:\/\/podcast.rs\/en\/wp-json\/wp\/v2\/categories?post=674522"},{"taxonomy":"post_tag","embeddable":true,"href":"https:\/\/podcast.rs\/en\/wp-json\/wp\/v2\/tags?post=674522"}],"curies":[{"name":"wp","href":"https:\/\/api.w.org\/{rel}","templated":true}]}}