{"id":67288,"date":"2021-10-27T12:24:49","date_gmt":"2021-10-27T10:24:49","guid":{"rendered":"https:\/\/podcast.rs\/?p=67288"},"modified":"2023-02-22T19:12:53","modified_gmt":"2023-02-22T17:12:53","slug":"tajice-za-debele","status":"publish","type":"post","link":"https:\/\/podcast.rs\/en\/tajice-za-debele\/","title":{"rendered":"Tajice za debele"},"content":{"rendered":"<p>Margarita je malo mekana. Maja je jo\u0161 malo vi\u0161e mekana. A u tajicama non stop. Vje\u017ebamo, hodamo, le\u017eimo na kau\u010du.<\/p>\n<p>Stalno.<\/p>\n<p>Trebamo li prestati nositi tajice jer nismo kategorija &#8216;fitness model&#8217;? Smijemo li se uvrijediti ako nam netko ka\u017ee da nas ne \u017eeli gledati u tome jer &#8216;nije lijepo&#8217;? Kad \u0107emo vidjeti \u017eene &#8216;na\u0161e kategorije&#8217; u reklamama za tajice i trebaju li nam takve reklame ili bolje da se prekrijemo preko glave i \u0161utimo?<\/p>\n<p>Koliko ono \u0161to vidimo oko sebe utje\u010de na na\u0161e zadovoljstvo sobom i trebamo li se boriti protiv sistema ili trebamo samo prihvatiti da nikad ne\u0107emo biti &#8211; dovoljno dobre? Trebamo li smr\u0161aviti da nam tajce bolje stoje? Operirat nos da bude kao na instagram filteru? Krenut s botoxom sa 25 jer &#8216;bitno je da krene\u0161 rano&#8217;? Ili trebamo prona\u0107i na\u010din kako da prihvatimo sebe i svoje pravo da hodamo u tajicama bez obzira \u0161to nam ne stoje. kaona reklami?<\/p>\n<p>U\u017eivajte u novoj epizodu u kojoj Maja &amp; Margarita, okorjele obo\u017eavateljice tajica, kre\u0107u u borbu protiv onih koji im te tajice prodaju.<\/p>\n<p>&#8212; <\/p>\n<p>Send in a voice message: https:\/\/anchor.fm\/samo-bez-panike\/message<\/p>","protected":false},"excerpt":{"rendered":"<p>Margarita je malo mekana. Maja je jo\u0161 malo vi\u0161e mekana. A u tajicama non stop. Vje\u017ebamo, hodamo, le\u017eimo na kau\u010du. Stalno. Trebamo li prestati nositi tajice jer nismo kategorija &#8216;fitness model&#8217;? Smijemo li se uvrijediti ako nam netko ka\u017ee da nas ne \u017eeli gledati u tome jer &#8216;nije lijepo&#8217;? Kad \u0107emo vidjeti \u017eene &#8216;na\u0161e kategorije&#8217;&#8230;<\/p>","protected":false},"author":3,"featured_media":67223,"comment_status":"close","ping_status":"closed","sticky":false,"template":"","format":"audio","meta":{"footnotes":""},"categories":[490],"tags":[],"class_list":["post-67288","post","type-post","status-publish","format-audio","has-post-thumbnail","hentry","category-samo-bez-panike","post_format-post-format-audio"],"_links":{"self":[{"href":"https:\/\/podcast.rs\/en\/wp-json\/wp\/v2\/posts\/67288","targetHints":{"allow":["GET"]}}],"collection":[{"href":"https:\/\/podcast.rs\/en\/wp-json\/wp\/v2\/posts"}],"about":[{"href":"https:\/\/podcast.rs\/en\/wp-json\/wp\/v2\/types\/post"}],"author":[{"embeddable":true,"href":"https:\/\/podcast.rs\/en\/wp-json\/wp\/v2\/users\/3"}],"replies":[{"embeddable":true,"href":"https:\/\/podcast.rs\/en\/wp-json\/wp\/v2\/comments?post=67288"}],"version-history":[{"count":1,"href":"https:\/\/podcast.rs\/en\/wp-json\/wp\/v2\/posts\/67288\/revisions"}],"predecessor-version":[{"id":67289,"href":"https:\/\/podcast.rs\/en\/wp-json\/wp\/v2\/posts\/67288\/revisions\/67289"}],"wp:featuredmedia":[{"embeddable":true,"href":"https:\/\/podcast.rs\/en\/wp-json\/wp\/v2\/media\/67223"}],"wp:attachment":[{"href":"https:\/\/podcast.rs\/en\/wp-json\/wp\/v2\/media?parent=67288"}],"wp:term":[{"taxonomy":"category","embeddable":true,"href":"https:\/\/podcast.rs\/en\/wp-json\/wp\/v2\/categories?post=67288"},{"taxonomy":"post_tag","embeddable":true,"href":"https:\/\/podcast.rs\/en\/wp-json\/wp\/v2\/tags?post=67288"}],"curies":[{"name":"wp","href":"https:\/\/api.w.org\/{rel}","templated":true}]}}