{"id":671974,"date":"2026-03-22T18:30:00","date_gmt":"2026-03-22T16:30:00","guid":{"rendered":"https:\/\/podcast.rs\/od-ekonomije-okupacije-do-ekonomije-genocida-genocid-u-gazi-francesca-albanese-agelast-329\/"},"modified":"2026-04-29T04:06:10","modified_gmt":"2026-04-29T02:06:10","slug":"od-ekonomije-okupacije-do-ekonomije-genocida-genocid-u-gazi-francesca-albanese-agelast-329","status":"publish","type":"post","link":"https:\/\/podcast.rs\/en\/od-ekonomije-okupacije-do-ekonomije-genocida-genocid-u-gazi-francesca-albanese-agelast-329\/","title":{"rendered":"\u201eOd ekonomije okupacije do ekonomije genocida&#8220; | Genocid u Gazi | Francesca Albanese | Agelast 329"},"content":{"rendered":"<p>Da li ste videli na\u0161 sajt? <a href=\"https:\/\/agelast.io\/\">https:\/\/agelast.io\/<\/a><\/p>\n<p>Podr\u017eite nas na Patreonu: <a href=\"https:\/\/www.patreon.com\/agelast\">https:\/\/www.patreon.com\/agelast<\/a><br \/>Jednokratne donacije kanalu: <a href=\"https:\/\/www.paypal.me\/agelastpodcast\">https:\/\/www.paypal.me\/agelastpodcast<\/a><br \/>Kripto donacije: BTC: 1BdrToPVPRbMtzPkdX8z3wviTHZZyzqD7w<br \/>ETH: 0xe189975f215102DD2e2442B060D00b524a608167<br \/>FB: <a href=\"https:\/\/www.facebook.com\/galebnikacevic\">https:\/\/www.facebook.com\/galebnikacevic<\/a><br \/>Instagram: <a href=\"https:\/\/www.instagram.com\/agelast_\/\">https:\/\/www.instagram.com\/agelast_\/<\/a><br \/>Twitter: <a href=\"https:\/\/twitter.com\/GalebNikacevic\">https:\/\/twitter.com\/GalebNikacev<\/a><\/p>\n<p>A1: <a href=\"https:\/\/a1.rs\/privatni\">https:\/\/a1.rs\/privatni<\/a><\/p>\n<p>Mazda:<br \/>1. Web: <a href=\"https:\/\/www.youtube.com\/redirect?event=video_description&amp;redir_token=QUFFLUhqa2RGV2lrbk1fLVlRX2R2MkV4OUJtYUdMNmFMd3xBQ3Jtc0ttcmJrbDdlSmZFS3FLd2lkVEpiRGMzcGt6N3c1TG94VTJteWMxNVRTV2FEbm5nMzQzbEJwRmxmWk11OGRqc0hJZ2NMOHFfMFRHOHd5WjdqUVJDTDRGZXZXM1RsYThmaGs5YXp4bDZsakpTMDRLdE5sdw&amp;q=https%3A%2F%2Fwww.mazda.rs%2F&amp;v=UIZV5yy4J6A\">https:\/\/www.mazda.rs<\/a><br \/>2. Facebook: <a href=\"https:\/\/www.youtube.com\/redirect?event=video_description&amp;redir_token=QUFFLUhqay1yZDduMmlCLUM3bDNJN3ZrbTZsZjFYVEl6UXxBQ3Jtc0tuNGNXZG9EM1JMUWJCeHRhbUM1OUF3OUZ6SmNqOVJKSThGWGF1ZXdEYUdMNXcwLWhfTVo2WG00clJSVFpvdHJzc1VuTGtaSXE4bTl0T2w0LXh5TGVBX0d0aXVlMEJ1a0hjUEV0TWx2b1N5TlBYS0pDSQ&amp;q=https%3A%2F%2Fwww.facebook.com%2FMazdaSrbija&amp;v=UIZV5yy4J6A\">\u00a0<\/a><a href=\"https:\/\/www.youtube.com\/redirect?event=video_description&amp;redir_token=QUFFLUhqay1yZDduMmlCLUM3bDNJN3ZrbTZsZjFYVEl6UXxBQ3Jtc0tuNGNXZG9EM1JMUWJCeHRhbUM1OUF3OUZ6SmNqOVJKSThGWGF1ZXdEYUdMNXcwLWhfTVo2WG00clJSVFpvdHJzc1VuTGtaSXE4bTl0T2w0LXh5TGVBX0d0aXVlMEJ1a0hjUEV0TWx2b1N5TlBYS0pDSQ&amp;q=https%3A%2F%2Fwww.facebook.com%2FMazdaSrbija&amp;v=UIZV5yy4J6A\"><\/a><a href=\"https:\/\/www.youtube.com\/redirect?event=video_description&amp;redir_token=QUFFLUhqay1yZDduMmlCLUM3bDNJN3ZrbTZsZjFYVEl6UXxBQ3Jtc0tuNGNXZG9EM1JMUWJCeHRhbUM1OUF3OUZ6SmNqOVJKSThGWGF1ZXdEYUdMNXcwLWhfTVo2WG00clJSVFpvdHJzc1VuTGtaSXE4bTl0T2w0LXh5TGVBX0d0aXVlMEJ1a0hjUEV0TWx2b1N5TlBYS0pDSQ&amp;q=https%3A%2F%2Fwww.facebook.com%2FMazdaSrbija&amp;v=UIZV5yy4J6A\">\/ mazdasrbija<\/a><br \/>3. Instagram: <a href=\"https:\/\/www.youtube.com\/redirect?event=video_description&amp;redir_token=QUFFLUhqa0JaYVFjTDRfY3BXMThMWUU1eG1SdHhWRUZ1d3xBQ3Jtc0trbUt0eXV6Nk9LS3BjUDlKaHNTa2l5WWY2M1FWM1hWdmRsbEJyU19XUG5vOERybXFZV0hoVTZydG9sYmpHalBHdXNRRDFrQ2o0Vk5BTE9FOHEzUVczal9KOHp0dWEyYUtiZm16RnVlbzJsMHdIR09DOA&amp;q=https%3A%2F%2Fwww.instagram.com%2Fmazda.rs%2F&amp;v=UIZV5yy4J6A\">\u00a0<\/a><a href=\"https:\/\/www.youtube.com\/redirect?event=video_description&amp;redir_token=QUFFLUhqa0JaYVFjTDRfY3BXMThMWUU1eG1SdHhWRUZ1d3xBQ3Jtc0trbUt0eXV6Nk9LS3BjUDlKaHNTa2l5WWY2M1FWM1hWdmRsbEJyU19XUG5vOERybXFZV0hoVTZydG9sYmpHalBHdXNRRDFrQ2o0Vk5BTE9FOHEzUVczal9KOHp0dWEyYUtiZm16RnVlbzJsMHdIR09DOA&amp;q=https%3A%2F%2Fwww.instagram.com%2Fmazda.rs%2F&amp;v=UIZV5yy4J6A\"><\/a><a href=\"https:\/\/www.youtube.com\/redirect?event=video_description&amp;redir_token=QUFFLUhqa0JaYVFjTDRfY3BXMThMWUU1eG1SdHhWRUZ1d3xBQ3Jtc0trbUt0eXV6Nk9LS3BjUDlKaHNTa2l5WWY2M1FWM1hWdmRsbEJyU19XUG5vOERybXFZV0hoVTZydG9sYmpHalBHdXNRRDFrQ2o0Vk5BTE9FOHEzUVczal9KOHp0dWEyYUtiZm16RnVlbzJsMHdIR09DOA&amp;q=https%3A%2F%2Fwww.instagram.com%2Fmazda.rs%2F&amp;v=UIZV5yy4J6A\"> \/ mazda.rs<\/a><\/p>\n<p>Francesca Albanese je italijanska pravnica i ekspertica za ljudska prava koja od 2022. godine slu\u017ei kao specijalna izvestiteljka Ujedinjenih nacija za ljudska prava u okupiranim palestinskim teritorijama. Prva je \u017eena na toj poziciji za vi\u0161e od 30 godina. Decenijama se bavi pitanjem Palestine, a njen rad poslednjih godina doneo joj je globalnu prepoznatljivost kao jedne od najglasnijih kriti\u010darki izraelskog re\u017eima.<\/p>\n<p>Anga\u017eman joj je doneo i sankcije. Izrael joj je 2024. zabranio ulazak u zemlju proglasiv\u0161i je nepo\u017eeljnom osobom, a ameri\u010dka administracija Donalda Trumpa oti\u0161la je korak dalje. U julu 2025. godine, SAD su uvrstile Albanese na listu posebno ozna\u010denih dr\u017eavljana, zamrznuv\u0161i joj imovinu i zabraniv\u0161i ameri\u010dkim gra\u0111anima i kompanijama bilo kakvu saradnju s njom.<\/p>\n<p>Sankcije su usledile nakon njenog izve\u0161taja \u201eOd ekonomije okupacije do ekonomije genocida\u201c u kojem je navela vi\u0161e od 40 korporacija, uklju\u010duju\u0107i Microsoft, Amazon i Google, koje prema njenim nalazima poma\u017eu Izraelu u kr\u0161enju me\u0111unarodnog prava.<\/p>\n<p>Diplomirala je pravo na Univerzitetu u Pizi, a ljudska prava je magistrirala na londonskom SOAS-u. Deset godina je radila za Ujedinjene nacije, uklju\u010duju\u0107i UNRWA i Kancelariju visokog komesara za ljudska prava, savetuju\u0107i vlade i civilno dru\u0161tvo na Bliskom istoku, u severnoj Africi i azijsko-pacifi\u010dkom regionu. Koautorka je knjige \u201ePalestinske izbeglice u me\u0111unarodnom pravu\u201c objavljene u izdanju Oxford University Pressa. Njena najnovija knjiga \u201eDok svet spava\u201c prevedena je na 18 jezika, uklju\u010duju\u0107i i srpski.<\/p>\n<p>Francesca Albanese je ekskluzivna go\u0161\u0107a u novoj epizodi podkasta, a sa njome smo razgovarali o genocidu u Gazi, zlo\u010dinima izraelske vojske nad Palestincima, o tome na koji na\u010din velike korporacije profitiraju od genocida, \u0161ta zna\u010di \u201eizraelizacija zapadnih demokratija\u201c, ali i za\u0161to Srbija kr\u0161i me\u0111unarodno pravo prodajom oru\u017eja Izraelu.<\/p>\n<p>Ukoliko vas zanimaju izve\u0161taji, uklju\u010duju\u0107i novi izve\u0161taj objavljenj na dan snimanja epizode, kao i njena knjiga upravo prevedena i objavljenja na srpskom jeziku, mo\u017eete sve na\u0107i na ovim linkovima:<\/p>\n<p>Knjiga \u201eKada svet spava: pri\u010de, re\u010di i rane Palestine&#8220;: <a href=\"https:\/\/www.beopolis.rs\/shop\/kad-svet-spava-price-reci-i-rane-palestine\/\">https:\/\/www.beopolis.rs\/shop\/kad-svet-spava-price-reci-i-rane-palestine\/<\/a><\/p>\n<p>\u201eAnatomy of Genocide&#8220;: <a href=\"https:\/\/www.un.org\/unispal\/document\/anatomy-of-a-genocide-report-of-the-special-rapporteur-on-the-situation-of-human-rights-in-the-palestinian-territory-occupied-since-1967-to-human-rights-council-advance-unedited-version-a-hrc-55\/\" rel=\"nofollow\">https:\/\/www.un.org\/unispal\/document\/anatomy-of-a-genocide-report-of-the-special-rapporteur-on-the-situation-of-human-rights-in-the-palestinian-territory-occupied-since-1967-to-human-rights-council-advance-unedited-version-a-hrc-55\/<\/a><\/p>\n<p>\u201eFrom Economy od Occupation to Economy of Genocide&#8220;: <a href=\"https:\/\/www.un.org\/unispal\/document\/a-hrc-59-23-from-economy-of-occupation-to-economy-of-genocide-report-special-rapporteur-francesca-albanese-palestine-2025\/\"><a href=\"https:\/\/www.un.org\/unispal\/document\/a-hrc-59-23-f\" rel=\"nofollow\">https:\/\/www.un.org\/unispal\/document\/a-hrc-59-23-f<\/a>&#8230;<\/a><\/p>","protected":false},"excerpt":{"rendered":"<p>Da li ste videli na\u0161 sajt? https:\/\/agelast.io\/ Podr\u017eite nas na Patreonu: https:\/\/www.patreon.com\/agelastJednokratne donacije kanalu: https:\/\/www.paypal.me\/agelastpodcastKripto donacije: BTC: 1BdrToPVPRbMtzPkdX8z3wviTHZZyzqD7wETH: 0xe189975f215102DD2e2442B060D00b524a608167FB: https:\/\/www.facebook.com\/galebnikacevicInstagram: https:\/\/www.instagram.com\/agelast_\/Twitter: https:\/\/twitter.com\/GalebNikacev A1: https:\/\/a1.rs\/privatni Mazda:1. Web: https:\/\/www.mazda.rs2. Facebook: \u00a0\/ mazdasrbija3. Instagram: \u00a0 \/ mazda.rs Francesca Albanese je italijanska pravnica i ekspertica za ljudska prava koja od 2022. godine slu\u017ei kao specijalna izvestiteljka Ujedinjenih nacija za&#8230;<\/p>","protected":false},"author":3,"featured_media":672004,"comment_status":"closed","ping_status":"closed","sticky":false,"template":"","format":"standard","meta":{"footnotes":""},"categories":[27],"tags":[],"class_list":["post-671974","post","type-post","status-publish","format-standard","has-post-thumbnail","hentry","category-agelast"],"_links":{"self":[{"href":"https:\/\/podcast.rs\/en\/wp-json\/wp\/v2\/posts\/671974","targetHints":{"allow":["GET"]}}],"collection":[{"href":"https:\/\/podcast.rs\/en\/wp-json\/wp\/v2\/posts"}],"about":[{"href":"https:\/\/podcast.rs\/en\/wp-json\/wp\/v2\/types\/post"}],"author":[{"embeddable":true,"href":"https:\/\/podcast.rs\/en\/wp-json\/wp\/v2\/users\/3"}],"replies":[{"embeddable":true,"href":"https:\/\/podcast.rs\/en\/wp-json\/wp\/v2\/comments?post=671974"}],"version-history":[{"count":3,"href":"https:\/\/podcast.rs\/en\/wp-json\/wp\/v2\/posts\/671974\/revisions"}],"predecessor-version":[{"id":682130,"href":"https:\/\/podcast.rs\/en\/wp-json\/wp\/v2\/posts\/671974\/revisions\/682130"}],"wp:featuredmedia":[{"embeddable":true,"href":"https:\/\/podcast.rs\/en\/wp-json\/wp\/v2\/media\/672004"}],"wp:attachment":[{"href":"https:\/\/podcast.rs\/en\/wp-json\/wp\/v2\/media?parent=671974"}],"wp:term":[{"taxonomy":"category","embeddable":true,"href":"https:\/\/podcast.rs\/en\/wp-json\/wp\/v2\/categories?post=671974"},{"taxonomy":"post_tag","embeddable":true,"href":"https:\/\/podcast.rs\/en\/wp-json\/wp\/v2\/tags?post=671974"}],"curies":[{"name":"wp","href":"https:\/\/api.w.org\/{rel}","templated":true}]}}