{"id":67141,"date":"2023-02-20T17:30:23","date_gmt":"2023-02-20T16:30:23","guid":{"rendered":"https:\/\/podcast.rs\/?p=67141"},"modified":"2023-02-20T20:22:34","modified_gmt":"2023-02-20T18:22:34","slug":"karneval-ruzicasti-ponedeljak-u-nemackoj","status":"publish","type":"post","link":"https:\/\/podcast.rs\/en\/karneval-ruzicasti-ponedeljak-u-nemackoj\/","title":{"rendered":"Karneval: Ru\u017ei\u010dasti ponedeljak u Nema\u010dkoj"},"content":{"rendered":"<p>      Karneval, \u010diji je vrhunac danas u Kelnu, Diseldorfu i Majncuna tzv. Ru\u017ei\u010dasti ponedeljak, poznat je i po politi\u010dkim porukama i satiri\u010dnim sloganima. Ko se ove godine na\u0161ao na meti karnevalista u Nema\u010dkoj? Kakav odnos prema karnevalu imaju strani sugra\u0111ani? Na\u0161 kolega Amir Kamber javlja o tome, a muzi\u010dar Goran Kosti\u0107 iz Diseldorfa, koji 16 godina svira na karnevalu, otkriva za\u0161to voli karneval.<\/p>","protected":false},"excerpt":{"rendered":"<p>Karneval, \u010diji je vrhunac danas u Kelnu, Diseldorfu i Majncuna tzv. Ru\u017ei\u010dasti ponedeljak, poznat je i po politi\u010dkim porukama i satiri\u010dnim sloganima. Ko se ove godine na\u0161ao na meti karnevalista u Nema\u010dkoj? Kakav odnos prema karnevalu imaju strani sugra\u0111ani? Na\u0161 kolega Amir Kamber javlja o tome, a muzi\u010dar Goran Kosti\u0107 iz Diseldorfa, koji 16 godina&#8230;<\/p>","protected":false},"author":3,"featured_media":48737,"comment_status":"close","ping_status":"closed","sticky":false,"template":"","format":"audio","meta":{"footnotes":""},"categories":[183],"tags":[],"class_list":["post-67141","post","type-post","status-publish","format-audio","has-post-thumbnail","hentry","category-cosmo","post_format-post-format-audio"],"_links":{"self":[{"href":"https:\/\/podcast.rs\/en\/wp-json\/wp\/v2\/posts\/67141","targetHints":{"allow":["GET"]}}],"collection":[{"href":"https:\/\/podcast.rs\/en\/wp-json\/wp\/v2\/posts"}],"about":[{"href":"https:\/\/podcast.rs\/en\/wp-json\/wp\/v2\/types\/post"}],"author":[{"embeddable":true,"href":"https:\/\/podcast.rs\/en\/wp-json\/wp\/v2\/users\/3"}],"replies":[{"embeddable":true,"href":"https:\/\/podcast.rs\/en\/wp-json\/wp\/v2\/comments?post=67141"}],"version-history":[{"count":1,"href":"https:\/\/podcast.rs\/en\/wp-json\/wp\/v2\/posts\/67141\/revisions"}],"predecessor-version":[{"id":67142,"href":"https:\/\/podcast.rs\/en\/wp-json\/wp\/v2\/posts\/67141\/revisions\/67142"}],"wp:featuredmedia":[{"embeddable":true,"href":"https:\/\/podcast.rs\/en\/wp-json\/wp\/v2\/media\/48737"}],"wp:attachment":[{"href":"https:\/\/podcast.rs\/en\/wp-json\/wp\/v2\/media?parent=67141"}],"wp:term":[{"taxonomy":"category","embeddable":true,"href":"https:\/\/podcast.rs\/en\/wp-json\/wp\/v2\/categories?post=67141"},{"taxonomy":"post_tag","embeddable":true,"href":"https:\/\/podcast.rs\/en\/wp-json\/wp\/v2\/tags?post=67141"}],"curies":[{"name":"wp","href":"https:\/\/api.w.org\/{rel}","templated":true}]}}