{"id":67109,"date":"2023-02-20T09:30:47","date_gmt":"2023-02-20T08:30:47","guid":{"rendered":"https:\/\/podcast.rs\/?p=67109"},"modified":"2023-02-20T21:08:35","modified_gmt":"2023-02-20T19:08:35","slug":"ep023-kako-nas-unutrasnji-kriticar-sabotira-u-odnosima","status":"publish","type":"post","link":"https:\/\/podcast.rs\/en\/ep023-kako-nas-unutrasnji-kriticar-sabotira-u-odnosima\/","title":{"rendered":"EP023 Kako nas unutra\u0161nji kriti\u010dar sabotira u odnosima"},"content":{"rendered":"<p>Svi imamo glas unutra\u0161njeg kriti\u010dara u sebi, ali kada on postane preglasan, kada je grub i nemilosrdan, on negativno uti\u010de na sve sfere na\u0161eg \u017eivota, a pogotovu na odnose sa drugim ljudima.<\/p>\n<p>Na koje sve na\u010dine nas taj glas sabotira i ugro\u017eava najvrednije odnose u na\u0161im \u017eivotima razmatram u dana\u0161njoj epizodi podcasta &#8222;Uzaludna perfekcionistkinja&#8220; i dajem vam smernice kako da se sa njim nosite.<\/p>\n<p>Podcast mo\u017eete pratiti na platformama:<\/p>\n<p><a href=\"https:\/\/open.spotify.com\/show\/6xMMyokt2vX1hi3ZY2YHYK\">Spotify<\/a><\/p>\n<p><a href=\"https:\/\/podcasts.apple.com\/us\/podcast\/uzaludna-perfekcionistkinja\/id1652161068\">Apple Podcasts<\/a><\/p>\n<p><a href=\"https:\/\/podcasts.google.com\/feed\/aHR0cHM6Ly9hbmNob3IuZm0vcy9hY2ZhNmViYy9wb2RjYXN0L3Jzcw\">Google Podcasts<\/a><\/p>\n<p><a href=\"https:\/\/podcast.rs\/en\/show\/uzaludna-perfekcionistkinja\/\">Podcast.rs<\/a><\/p>\n<p>\u017delim da \u010dujem va\u0161e komentare, va\u0161e pri\u010de i iskustvo, pa vas pozivam da se pove\u017eemo na dru\u0161tvenim mre\u017eama:<\/p>\n<p><a href=\"https:\/\/www.instagram.com\/marjeta.pevec\/\">Instagram<\/a><\/p>\n<p><a href=\"https:\/\/www.facebook.com\/marjetapeveclifecoach\">Facebook<\/a><\/p>\n<p><a href=\"https:\/\/www.tiktok.com\/@marjetapevec\">TikTok<\/a><\/p>\n<p>Ako \u017eelite da dobijate moja pisma \u010detvrtkom, mo\u017eete se prijaviti na ovom <a href=\"https:\/\/landing.mailerlite.com\/webforms\/landing\/b4o9d6\">linku<\/a><\/p>\n<p>Slu\u0161amo se!<\/p>","protected":false},"excerpt":{"rendered":"<p>Svi imamo glas unutra\u0161njeg kriti\u010dara u sebi, ali kada on postane preglasan, kada je grub i nemilosrdan, on negativno uti\u010de na sve sfere na\u0161eg \u017eivota, a pogotovu na odnose sa drugim ljudima. Na koje sve na\u010dine nas taj glas sabotira i ugro\u017eava najvrednije odnose u na\u0161im \u017eivotima razmatram u dana\u0161njoj epizodi podcasta &#8222;Uzaludna perfekcionistkinja&#8220; i&#8230;<\/p>","protected":false},"author":3,"featured_media":67144,"comment_status":"close","ping_status":"closed","sticky":false,"template":"","format":"audio","meta":{"footnotes":""},"categories":[470],"tags":[],"class_list":["post-67109","post","type-post","status-publish","format-audio","has-post-thumbnail","hentry","category-uzaludna-perfekcionistkinja","post_format-post-format-audio"],"_links":{"self":[{"href":"https:\/\/podcast.rs\/en\/wp-json\/wp\/v2\/posts\/67109","targetHints":{"allow":["GET"]}}],"collection":[{"href":"https:\/\/podcast.rs\/en\/wp-json\/wp\/v2\/posts"}],"about":[{"href":"https:\/\/podcast.rs\/en\/wp-json\/wp\/v2\/types\/post"}],"author":[{"embeddable":true,"href":"https:\/\/podcast.rs\/en\/wp-json\/wp\/v2\/users\/3"}],"replies":[{"embeddable":true,"href":"https:\/\/podcast.rs\/en\/wp-json\/wp\/v2\/comments?post=67109"}],"version-history":[{"count":1,"href":"https:\/\/podcast.rs\/en\/wp-json\/wp\/v2\/posts\/67109\/revisions"}],"predecessor-version":[{"id":67143,"href":"https:\/\/podcast.rs\/en\/wp-json\/wp\/v2\/posts\/67109\/revisions\/67143"}],"wp:featuredmedia":[{"embeddable":true,"href":"https:\/\/podcast.rs\/en\/wp-json\/wp\/v2\/media\/67144"}],"wp:attachment":[{"href":"https:\/\/podcast.rs\/en\/wp-json\/wp\/v2\/media?parent=67109"}],"wp:term":[{"taxonomy":"category","embeddable":true,"href":"https:\/\/podcast.rs\/en\/wp-json\/wp\/v2\/categories?post=67109"},{"taxonomy":"post_tag","embeddable":true,"href":"https:\/\/podcast.rs\/en\/wp-json\/wp\/v2\/tags?post=67109"}],"curies":[{"name":"wp","href":"https:\/\/api.w.org\/{rel}","templated":true}]}}