{"id":67050,"date":"2023-02-17T17:00:32","date_gmt":"2023-02-17T16:00:32","guid":{"rendered":"https:\/\/podcast.rs\/?p=67050"},"modified":"2023-02-17T18:22:05","modified_gmt":"2023-02-17T16:22:05","slug":"dokumentarac-o-bih-u-kelnu-tvoj-korzo-petkom","status":"publish","type":"post","link":"https:\/\/podcast.rs\/en\/dokumentarac-o-bih-u-kelnu-tvoj-korzo-petkom\/","title":{"rendered":"Dokumentarac o BiH u Kelnu &#8211; Tvoj Korzo petkom"},"content":{"rendered":"<p>      Dru\u017eimo se sa bosanskohercegova\u010dkim autorom dokumentarnih filmova Saidom Sefom, \u010diji dokumentarni film \u201cDer Heilige Geist&#8220; odnosno \u201cSveti duh\u201d \u0107e premijerno biti prikazan 11. marta u Kelnu, u Filmforumu NRW, u muzeju Ludwig. U Bosni i Hercegovini postoje i fenomeni, gotovo \u010darobna mjesta sa \u010dudesnom energijom i duhovno\u0161\u0107u, ka\u017ee Sefo. \u010cu\u0107emo i kakvih novosti ima na muzi\u010dkoj sceni Srbije. O sastavima Mapo Keyes, Bas i stega i Filipu Bulatovi\u0107u vi\u0161e \u0107e nam re\u0107i kolega Uro\u0161 Milovanovi\u0107.<\/p>","protected":false},"excerpt":{"rendered":"<p>Dru\u017eimo se sa bosanskohercegova\u010dkim autorom dokumentarnih filmova Saidom Sefom, \u010diji dokumentarni film \u201cDer Heilige Geist&#8220; odnosno \u201cSveti duh\u201d \u0107e premijerno biti prikazan 11. marta u Kelnu, u Filmforumu NRW, u muzeju Ludwig. U Bosni i Hercegovini postoje i fenomeni, gotovo \u010darobna mjesta sa \u010dudesnom energijom i duhovno\u0161\u0107u, ka\u017ee Sefo. \u010cu\u0107emo i kakvih novosti ima na&#8230;<\/p>","protected":false},"author":3,"featured_media":48737,"comment_status":"close","ping_status":"closed","sticky":false,"template":"","format":"audio","meta":{"footnotes":""},"categories":[183],"tags":[],"class_list":["post-67050","post","type-post","status-publish","format-audio","has-post-thumbnail","hentry","category-cosmo","post_format-post-format-audio"],"_links":{"self":[{"href":"https:\/\/podcast.rs\/en\/wp-json\/wp\/v2\/posts\/67050","targetHints":{"allow":["GET"]}}],"collection":[{"href":"https:\/\/podcast.rs\/en\/wp-json\/wp\/v2\/posts"}],"about":[{"href":"https:\/\/podcast.rs\/en\/wp-json\/wp\/v2\/types\/post"}],"author":[{"embeddable":true,"href":"https:\/\/podcast.rs\/en\/wp-json\/wp\/v2\/users\/3"}],"replies":[{"embeddable":true,"href":"https:\/\/podcast.rs\/en\/wp-json\/wp\/v2\/comments?post=67050"}],"version-history":[{"count":1,"href":"https:\/\/podcast.rs\/en\/wp-json\/wp\/v2\/posts\/67050\/revisions"}],"predecessor-version":[{"id":67051,"href":"https:\/\/podcast.rs\/en\/wp-json\/wp\/v2\/posts\/67050\/revisions\/67051"}],"wp:featuredmedia":[{"embeddable":true,"href":"https:\/\/podcast.rs\/en\/wp-json\/wp\/v2\/media\/48737"}],"wp:attachment":[{"href":"https:\/\/podcast.rs\/en\/wp-json\/wp\/v2\/media?parent=67050"}],"wp:term":[{"taxonomy":"category","embeddable":true,"href":"https:\/\/podcast.rs\/en\/wp-json\/wp\/v2\/categories?post=67050"},{"taxonomy":"post_tag","embeddable":true,"href":"https:\/\/podcast.rs\/en\/wp-json\/wp\/v2\/tags?post=67050"}],"curies":[{"name":"wp","href":"https:\/\/api.w.org\/{rel}","templated":true}]}}