{"id":669532,"date":"2026-03-17T17:16:23","date_gmt":"2026-03-17T15:16:23","guid":{"rendered":"https:\/\/podcast.rs\/zeleni-svet-novog-sada-kako-balkon-i-terasa-mogu-biti-mala-zelena-oaza\/"},"modified":"2026-03-17T17:16:23","modified_gmt":"2026-03-17T15:16:23","slug":"zeleni-svet-novog-sada-kako-balkon-i-terasa-mogu-biti-mala-zelena-oaza","status":"publish","type":"post","link":"https:\/\/podcast.rs\/en\/zeleni-svet-novog-sada-kako-balkon-i-terasa-mogu-biti-mala-zelena-oaza\/","title":{"rendered":"Zeleni svet Novog Sada &#8211; Kako balkon i terasa mogu biti mala zelena oaza"},"content":{"rendered":"<p>U ovoj epizodi serijala Zeleni svet Novog Sada govorimo o tome kako balkon ili terasa mogu da postanu mala zelena oaza, \u010dak i kada je prostor mali. <\/p>\n<p>Projekat je podr\u017ean od Gradske uprave za za\u0161titu \u017eivotne sredine.Na\u0161a go\u0161\u0107a je Radmila Vejin, diplomirani in\u017eenjer pejza\u017ene arhitekture, koja kroz prakti\u010dne savete obja\u0161njava kako da po\u010dnemo sa sadnjom ako \u017eivimo u zgradi. Projekat Zeleni svet Novog Sada podr\u017eala je Gradska uprava za za\u0161titu \u017eivotne sredine.Razgovaramo o tome kako da procenimo osun\u010danost prostora, kako da izaberemo odgovaraju\u0107e saksije i zemlju, koliko su va\u017eni drena\u017ea i zalivanje, koje biljke su dobre za po\u010detnike i koje su naj\u010de\u0161\u0107e gre\u0161ke kada neko prvi put po\u017eeli da ozeleni balkon ili terasu.U ovoj epizodi sazna\u0107ete:<\/p>\n<ul>\n<li>od \u010dega da krenete ako ste potpuni po\u010detnik<\/li>\n<\/ul>\n<ul>\n<li>koje biljke su dobre za sun\u010dan, a koje za senovit balkon<\/li>\n<\/ul>\n<ul>\n<li>kako vetar, visina zgrade i polo\u017eaj uti\u010du na biljke<\/li>\n<\/ul>\n<ul>\n<li>kako pravilno zalivati i izbe\u0107i naj\u010de\u0161\u0107e gre\u0161ke<\/li>\n<\/ul>\n<ul>\n<li>kako urediti mali balkon da bude i lep i funkcionalan<\/li>\n<\/ul>\n<p>Ova epizoda namenjena je svima koji \u017eele da naprave prijatan, zelen i \u017eiv prostor za odmor, mir i svakodnevni kontakt sa prirodom &#8211; bez obzira na to da li imaju veliku terasu ili samo nekoliko saksija.<\/p>","protected":false},"excerpt":{"rendered":"<p>U ovoj epizodi serijala Zeleni svet Novog Sada govorimo o tome kako balkon ili terasa mogu da postanu mala zelena oaza, \u010dak i kada je prostor mali. Projekat je podr\u017ean od Gradske uprave za za\u0161titu \u017eivotne sredine.Na\u0161a go\u0161\u0107a je Radmila Vejin, diplomirani in\u017eenjer pejza\u017ene arhitekture, koja kroz prakti\u010dne savete obja\u0161njava kako da po\u010dnemo sa sadnjom&#8230;<\/p>","protected":false},"author":3,"featured_media":659222,"comment_status":"","ping_status":"closed","sticky":false,"template":"","format":"standard","meta":{"footnotes":""},"categories":[520],"tags":[],"class_list":["post-669532","post","type-post","status-publish","format-standard","has-post-thumbnail","hentry","category-dnevnik-jednog-programera"],"_links":{"self":[{"href":"https:\/\/podcast.rs\/en\/wp-json\/wp\/v2\/posts\/669532","targetHints":{"allow":["GET"]}}],"collection":[{"href":"https:\/\/podcast.rs\/en\/wp-json\/wp\/v2\/posts"}],"about":[{"href":"https:\/\/podcast.rs\/en\/wp-json\/wp\/v2\/types\/post"}],"author":[{"embeddable":true,"href":"https:\/\/podcast.rs\/en\/wp-json\/wp\/v2\/users\/3"}],"replies":[{"embeddable":true,"href":"https:\/\/podcast.rs\/en\/wp-json\/wp\/v2\/comments?post=669532"}],"version-history":[{"count":0,"href":"https:\/\/podcast.rs\/en\/wp-json\/wp\/v2\/posts\/669532\/revisions"}],"wp:featuredmedia":[{"embeddable":true,"href":"https:\/\/podcast.rs\/en\/wp-json\/wp\/v2\/media\/659222"}],"wp:attachment":[{"href":"https:\/\/podcast.rs\/en\/wp-json\/wp\/v2\/media?parent=669532"}],"wp:term":[{"taxonomy":"category","embeddable":true,"href":"https:\/\/podcast.rs\/en\/wp-json\/wp\/v2\/categories?post=669532"},{"taxonomy":"post_tag","embeddable":true,"href":"https:\/\/podcast.rs\/en\/wp-json\/wp\/v2\/tags?post=669532"}],"curies":[{"name":"wp","href":"https:\/\/api.w.org\/{rel}","templated":true}]}}