{"id":668449,"date":"2026-03-12T09:11:29","date_gmt":"2026-03-12T07:11:29","guid":{"rendered":"https:\/\/podcast.rs\/zeleni-svet-novog-sada-biodiverzitet-u-urbanom-okruzenju\/"},"modified":"2026-03-12T09:11:29","modified_gmt":"2026-03-12T07:11:29","slug":"zeleni-svet-novog-sada-biodiverzitet-u-urbanom-okruzenju","status":"publish","type":"post","link":"https:\/\/podcast.rs\/en\/zeleni-svet-novog-sada-biodiverzitet-u-urbanom-okruzenju\/","title":{"rendered":"Zeleni svet Novog Sada &#8211; biodiverzitet u urbanom okru\u017eenju"},"content":{"rendered":"<p>Kako jedan cvet na balkonu, \u017ebun u dvori\u0161tu ili zelenilo u parku mogu pomo\u0107i p\u010delama, leptirima i pticama? U ovoj epizodi pri\u010damo o biodiverzitetu u gradu, o Novom Sadu kao gradu povezanom sa vla\u017enim stani\u0161tima i o tome za\u0161to je va\u017eno da urbanom zelenilu pristupamo pa\u017eljivo i sa vi\u0161e razumevanja. \u010cu\u0107ete i prakti\u010dne preporuke za biljke koje privla\u010de opra\u0161iva\u010de i poma\u017eu da grad bude \u017eivlji, raznovrsniji i prijatniji za sve.<\/p>\n<\/p>\n<p>Projekat Zeleni svet Novog Sada podr\u017eala je Gradska uprava za za\u0161titu \u017eivotne sredine i hvala na tome, zna\u010di to udru\u017eenju Resursni centrar za marginalizovane grupe.<\/p><\/p>","protected":false},"excerpt":{"rendered":"<p>Kako jedan cvet na balkonu, \u017ebun u dvori\u0161tu ili zelenilo u parku mogu pomo\u0107i p\u010delama, leptirima i pticama? U ovoj epizodi pri\u010damo o biodiverzitetu u gradu, o Novom Sadu kao gradu povezanom sa vla\u017enim stani\u0161tima i o tome za\u0161to je va\u017eno da urbanom zelenilu pristupamo pa\u017eljivo i sa vi\u0161e razumevanja. \u010cu\u0107ete i prakti\u010dne preporuke za&#8230;<\/p>","protected":false},"author":3,"featured_media":659222,"comment_status":"","ping_status":"closed","sticky":false,"template":"","format":"standard","meta":{"footnotes":""},"categories":[520],"tags":[],"class_list":["post-668449","post","type-post","status-publish","format-standard","has-post-thumbnail","hentry","category-dnevnik-jednog-programera"],"_links":{"self":[{"href":"https:\/\/podcast.rs\/en\/wp-json\/wp\/v2\/posts\/668449","targetHints":{"allow":["GET"]}}],"collection":[{"href":"https:\/\/podcast.rs\/en\/wp-json\/wp\/v2\/posts"}],"about":[{"href":"https:\/\/podcast.rs\/en\/wp-json\/wp\/v2\/types\/post"}],"author":[{"embeddable":true,"href":"https:\/\/podcast.rs\/en\/wp-json\/wp\/v2\/users\/3"}],"replies":[{"embeddable":true,"href":"https:\/\/podcast.rs\/en\/wp-json\/wp\/v2\/comments?post=668449"}],"version-history":[{"count":0,"href":"https:\/\/podcast.rs\/en\/wp-json\/wp\/v2\/posts\/668449\/revisions"}],"wp:featuredmedia":[{"embeddable":true,"href":"https:\/\/podcast.rs\/en\/wp-json\/wp\/v2\/media\/659222"}],"wp:attachment":[{"href":"https:\/\/podcast.rs\/en\/wp-json\/wp\/v2\/media?parent=668449"}],"wp:term":[{"taxonomy":"category","embeddable":true,"href":"https:\/\/podcast.rs\/en\/wp-json\/wp\/v2\/categories?post=668449"},{"taxonomy":"post_tag","embeddable":true,"href":"https:\/\/podcast.rs\/en\/wp-json\/wp\/v2\/tags?post=668449"}],"curies":[{"name":"wp","href":"https:\/\/api.w.org\/{rel}","templated":true}]}}