{"id":668261,"date":"2026-03-11T13:22:27","date_gmt":"2026-03-11T11:22:27","guid":{"rendered":"https:\/\/podcast.rs\/zeleni-svet-novog-sada-mikro-koraci-koji-prave-veliku-razliku-u-komsiluku\/"},"modified":"2026-03-11T13:22:27","modified_gmt":"2026-03-11T11:22:27","slug":"zeleni-svet-novog-sada-mikro-koraci-koji-prave-veliku-razliku-u-komsiluku","status":"publish","type":"post","link":"https:\/\/podcast.rs\/en\/zeleni-svet-novog-sada-mikro-koraci-koji-prave-veliku-razliku-u-komsiluku\/","title":{"rendered":"Zeleni svet Novog Sada &#8211; Mikro koraci koji prave veliku razliku u kom\u0161iluku"},"content":{"rendered":"<p><em><strong>Kako obi\u010dni gra\u0111ani mogu da doprinesu lep\u0161em, zelenijem i prijatnijem kraju u kome \u017eive? <\/strong><\/em><\/p>\n<p>U ovoj epizodi govorimo o malim koracima koji ne tra\u017ee veliki bud\u017eet, ali tra\u017ee <strong>dobru volju, saradnju i malo inicijative<\/strong>. Jer promena \u010desto po\u010dinje od jedne ideje, jednog razgovora i nekoliko ljudi koji odlu\u010de da urade ne\u0161to dobro za svoj kraj.<\/p>\n<p><em><strong>Projekat Zeleni svet Novog Sada podr\u017eala je Gradska uprava za za\u0161titu \u017eivotne sredine<\/strong><\/em> i hvala na tome, zna\u010di to udru\u017eenju Resursni centrar za marginalizovane grupe.<\/p>","protected":false},"excerpt":{"rendered":"<p>Kako obi\u010dni gra\u0111ani mogu da doprinesu lep\u0161em, zelenijem i prijatnijem kraju u kome \u017eive? U ovoj epizodi govorimo o malim koracima koji ne tra\u017ee veliki bud\u017eet, ali tra\u017ee dobru volju, saradnju i malo inicijative. Jer promena \u010desto po\u010dinje od jedne ideje, jednog razgovora i nekoliko ljudi koji odlu\u010de da urade ne\u0161to dobro za svoj kraj&#8230;.<\/p>","protected":false},"author":3,"featured_media":659222,"comment_status":"","ping_status":"closed","sticky":false,"template":"","format":"standard","meta":{"footnotes":""},"categories":[520],"tags":[],"class_list":["post-668261","post","type-post","status-publish","format-standard","has-post-thumbnail","hentry","category-dnevnik-jednog-programera"],"_links":{"self":[{"href":"https:\/\/podcast.rs\/en\/wp-json\/wp\/v2\/posts\/668261","targetHints":{"allow":["GET"]}}],"collection":[{"href":"https:\/\/podcast.rs\/en\/wp-json\/wp\/v2\/posts"}],"about":[{"href":"https:\/\/podcast.rs\/en\/wp-json\/wp\/v2\/types\/post"}],"author":[{"embeddable":true,"href":"https:\/\/podcast.rs\/en\/wp-json\/wp\/v2\/users\/3"}],"replies":[{"embeddable":true,"href":"https:\/\/podcast.rs\/en\/wp-json\/wp\/v2\/comments?post=668261"}],"version-history":[{"count":0,"href":"https:\/\/podcast.rs\/en\/wp-json\/wp\/v2\/posts\/668261\/revisions"}],"wp:featuredmedia":[{"embeddable":true,"href":"https:\/\/podcast.rs\/en\/wp-json\/wp\/v2\/media\/659222"}],"wp:attachment":[{"href":"https:\/\/podcast.rs\/en\/wp-json\/wp\/v2\/media?parent=668261"}],"wp:term":[{"taxonomy":"category","embeddable":true,"href":"https:\/\/podcast.rs\/en\/wp-json\/wp\/v2\/categories?post=668261"},{"taxonomy":"post_tag","embeddable":true,"href":"https:\/\/podcast.rs\/en\/wp-json\/wp\/v2\/tags?post=668261"}],"curies":[{"name":"wp","href":"https:\/\/api.w.org\/{rel}","templated":true}]}}